{"id":4148,"date":"2019-01-08T09:03:32","date_gmt":"2019-01-08T15:03:32","guid":{"rendered":"http:\/\/icesa.net\/?p=4148"},"modified":"2023-10-10T12:33:02","modified_gmt":"2023-10-10T18:33:02","slug":"asouna-mixed-use-building-design-competition-winner","status":"publish","type":"post","link":"https:\/\/icesa.cr\/de\/asouna-mixed-use-building-design-competition-winner\/","title":{"rendered":"ICESA gewinnt Design-Wettbewerb f\u00fcr ASOUNAs neues gemischt genutztes Geb\u00e4ude"},"content":{"rendered":"<figure class=\"wp-block-image\"><img loading=\"lazy\" decoding=\"async\" width=\"1024\" height=\"754\" src=\"http:\/\/icesa.net\/wp-content\/uploads\/2019\/05\/Costa-Rican-Sustainable-Architecture-1024x754.jpg\" alt=\"\" class=\"wp-image-4149\" srcset=\"https:\/\/icesa.cr\/wp-content\/uploads\/2019\/05\/Costa-Rican-Sustainable-Architecture-1024x754.jpg 1024w, https:\/\/icesa.cr\/wp-content\/uploads\/2019\/05\/Costa-Rican-Sustainable-Architecture-300x221.jpg 300w, https:\/\/icesa.cr\/wp-content\/uploads\/2019\/05\/Costa-Rican-Sustainable-Architecture-768x565.jpg 768w, https:\/\/icesa.cr\/wp-content\/uploads\/2019\/05\/Costa-Rican-Sustainable-Architecture-68x50.jpg 68w, https:\/\/icesa.cr\/wp-content\/uploads\/2019\/05\/Costa-Rican-Sustainable-Architecture-650x478.jpg 650w, https:\/\/icesa.cr\/wp-content\/uploads\/2019\/05\/Costa-Rican-Sustainable-Architecture-1000x736.jpg 1000w, https:\/\/icesa.cr\/wp-content\/uploads\/2019\/05\/Costa-Rican-Sustainable-Architecture-50x37.jpg 50w, https:\/\/icesa.cr\/wp-content\/uploads\/2019\/05\/Costa-Rican-Sustainable-Architecture.jpg 1920w\" sizes=\"auto, (max-width: 1024px) 100vw, 1024px\" \/><\/figure>\n\n\n\n<p>ICESAs Entwurf f\u00fcr ein neues gemischt genutztes Geb\u00e4ude in Heredia, Costa Rica, wurde mit dem ersten Preis im Designwettbewerb von ASOUNA ausgezeichnet. Das Geb\u00e4ude wird Einzelhandelsfl\u00e4chen, Gesundheitsdienste, B\u00fcros und ein Fitnessstudio mit Blick auf die Berge von Heredia umfassen. Das Projekt wird so geplant, dass es die h\u00f6chsten Green-Building-Zertifizierungen erh\u00e4lt.<\/p>","protected":false},"excerpt":{"rendered":"<p>ICESA&#8217;s design for a new mixed use building in Heredia, Costa Rica has been awarded the first prize in ASOUNA&#8217;s Design Competition. The building will include retail space, health services, [&hellip;]<\/p>\n<p><a href=\"https:\/\/icesa.cr\/de\/asouna-mixed-use-building-design-competition-winner\/\" class=\"more-link style2-button\">Weiterlesen<\/a><\/p>","protected":false},"author":1,"featured_media":0,"comment_status":"closed","ping_status":"open","sticky":false,"template":"","format":"standard","meta":{"_monsterinsights_skip_tracking":false,"_monsterinsights_sitenote_active":false,"_monsterinsights_sitenote_note":"","_monsterinsights_sitenote_category":0,"footnotes":""},"categories":[1],"tags":[],"class_list":["post-4148","post","type-post","status-publish","format-standard","hentry","category-uncategorized"],"yoast_head":"<!-- This site is optimized with the Yoast SEO Premium plugin v27.4 (Yoast SEO v27.4) - https:\/\/yoast.com\/product\/yoast-seo-premium-wordpress\/ -->\n<title>ICESA wins design competition to design ASOUNA&#039;s new mixed use building - Icesa Ingenieros y Arquitectos - Ingenier&iacute;a Ciudad Espacio y Arquitectura<\/title>\n<meta name=\"description\" content=\"Discover ICESA&#039;s award-winning design for ASOUNA&#039;s new mixed-use building in Heredia, Costa Rica. Explore the sustainable features and future plans for this project.\" \/>\n<meta name=\"robots\" content=\"index, follow, max-snippet:-1, max-image-preview:large, max-video-preview:-1\" \/>\n<link rel=\"canonical\" href=\"https:\/\/icesa.cr\/de\/asouna-mixed-use-building-design-competition-winner\/\" \/>\n<meta property=\"og:locale\" content=\"de_DE\" \/>\n<meta property=\"og:type\" content=\"article\" \/>\n<meta property=\"og:title\" content=\"ICESA wins design competition to design ASOUNA&#039;s new mixed use building\" \/>\n<meta property=\"og:description\" content=\"Discover ICESA&#039;s award-winning design for ASOUNA&#039;s new mixed-use building in Heredia, Costa Rica. Explore the sustainable features and future plans for this project.\" \/>\n<meta property=\"og:url\" content=\"https:\/\/icesa.cr\/de\/asouna-mixed-use-building-design-competition-winner\/\" \/>\n<meta property=\"og:site_name\" content=\"Icesa Ingenieros y Arquitectos - Ingenier&iacute;a Ciudad Espacio y Arquitectura\" \/>\n<meta property=\"article:publisher\" content=\"https:\/\/www.facebook.com\/icesaarquitectos\" \/>\n<meta property=\"article:published_time\" content=\"2019-01-08T15:03:32+00:00\" \/>\n<meta property=\"article:modified_time\" content=\"2023-10-10T18:33:02+00:00\" \/>\n<meta property=\"og:image\" content=\"http:\/\/icesa.net\/wp-content\/uploads\/2019\/05\/Costa-Rican-Sustainable-Architecture-1024x754.jpg\" \/>\n<meta name=\"author\" content=\"admin\" \/>\n<meta name=\"twitter:card\" content=\"summary_large_image\" \/>\n<meta name=\"twitter:label1\" content=\"Verfasst von\" \/>\n\t<meta name=\"twitter:data1\" content=\"admin\" \/>\n\t<meta name=\"twitter:label2\" content=\"Gesch\u00e4tzte Lesezeit\" \/>\n\t<meta name=\"twitter:data2\" content=\"1\u00a0Minute\" \/>\n<script type=\"application\/ld+json\" class=\"yoast-schema-graph\">{\"@context\":\"https:\\\/\\\/schema.org\",\"@graph\":[{\"@type\":\"Article\",\"@id\":\"https:\\\/\\\/icesa.cr\\\/asouna-mixed-use-building-design-competition-winner\\\/#article\",\"isPartOf\":{\"@id\":\"https:\\\/\\\/icesa.cr\\\/asouna-mixed-use-building-design-competition-winner\\\/\"},\"author\":{\"name\":\"admin\",\"@id\":\"https:\\\/\\\/icesa.cr\\\/en_us\\\/#\\\/schema\\\/person\\\/5ce175678f89c8b1cf395a2cb2c9af76\"},\"headline\":\"ICESA wins design competition to design ASOUNA&#8217;s new mixed use building\",\"datePublished\":\"2019-01-08T15:03:32+00:00\",\"dateModified\":\"2023-10-10T18:33:02+00:00\",\"mainEntityOfPage\":{\"@id\":\"https:\\\/\\\/icesa.cr\\\/asouna-mixed-use-building-design-competition-winner\\\/\"},\"wordCount\":65,\"publisher\":{\"@id\":\"https:\\\/\\\/icesa.cr\\\/en_us\\\/#organization\"},\"image\":{\"@id\":\"https:\\\/\\\/icesa.cr\\\/asouna-mixed-use-building-design-competition-winner\\\/#primaryimage\"},\"thumbnailUrl\":\"http:\\\/\\\/icesa.net\\\/wp-content\\\/uploads\\\/2019\\\/05\\\/Costa-Rican-Sustainable-Architecture-1024x754.jpg\",\"articleSection\":[\"Uncategorized\"],\"inLanguage\":\"de\"},{\"@type\":\"WebPage\",\"@id\":\"https:\\\/\\\/icesa.cr\\\/asouna-mixed-use-building-design-competition-winner\\\/\",\"url\":\"https:\\\/\\\/icesa.cr\\\/asouna-mixed-use-building-design-competition-winner\\\/\",\"name\":\"ICESA wins design competition to design ASOUNA's new mixed use building - Icesa Ingenieros y Arquitectos - Ingenier&iacute;a Ciudad Espacio y Arquitectura\",\"isPartOf\":{\"@id\":\"https:\\\/\\\/icesa.cr\\\/en_us\\\/#website\"},\"primaryImageOfPage\":{\"@id\":\"https:\\\/\\\/icesa.cr\\\/asouna-mixed-use-building-design-competition-winner\\\/#primaryimage\"},\"image\":{\"@id\":\"https:\\\/\\\/icesa.cr\\\/asouna-mixed-use-building-design-competition-winner\\\/#primaryimage\"},\"thumbnailUrl\":\"http:\\\/\\\/icesa.net\\\/wp-content\\\/uploads\\\/2019\\\/05\\\/Costa-Rican-Sustainable-Architecture-1024x754.jpg\",\"datePublished\":\"2019-01-08T15:03:32+00:00\",\"dateModified\":\"2023-10-10T18:33:02+00:00\",\"description\":\"Discover ICESA's award-winning design for ASOUNA's new mixed-use building in Heredia, Costa Rica. Explore the sustainable features and future plans for this project.\",\"breadcrumb\":{\"@id\":\"https:\\\/\\\/icesa.cr\\\/asouna-mixed-use-building-design-competition-winner\\\/#breadcrumb\"},\"inLanguage\":\"de\",\"potentialAction\":[{\"@type\":\"ReadAction\",\"target\":[\"https:\\\/\\\/icesa.cr\\\/asouna-mixed-use-building-design-competition-winner\\\/\"]}]},{\"@type\":\"ImageObject\",\"inLanguage\":\"de\",\"@id\":\"https:\\\/\\\/icesa.cr\\\/asouna-mixed-use-building-design-competition-winner\\\/#primaryimage\",\"url\":\"http:\\\/\\\/icesa.net\\\/wp-content\\\/uploads\\\/2019\\\/05\\\/Costa-Rican-Sustainable-Architecture-1024x754.jpg\",\"contentUrl\":\"http:\\\/\\\/icesa.net\\\/wp-content\\\/uploads\\\/2019\\\/05\\\/Costa-Rican-Sustainable-Architecture-1024x754.jpg\"},{\"@type\":\"BreadcrumbList\",\"@id\":\"https:\\\/\\\/icesa.cr\\\/asouna-mixed-use-building-design-competition-winner\\\/#breadcrumb\",\"itemListElement\":[{\"@type\":\"ListItem\",\"position\":1,\"name\":\"Home\",\"item\":\"https:\\\/\\\/icesa.cr\\\/en_us\\\/\"},{\"@type\":\"ListItem\",\"position\":2,\"name\":\"ICESA wins design competition to design ASOUNA&#8217;s new mixed use building\"}]},{\"@type\":\"WebSite\",\"@id\":\"https:\\\/\\\/icesa.cr\\\/en_us\\\/#website\",\"url\":\"https:\\\/\\\/icesa.cr\\\/en_us\\\/\",\"name\":\"ICESA Costa Rican Architects for Innovative Architecture\",\"description\":\"Architects and Engineers in Costa Rica\",\"publisher\":{\"@id\":\"https:\\\/\\\/icesa.cr\\\/en_us\\\/#organization\"},\"potentialAction\":[{\"@type\":\"SearchAction\",\"target\":{\"@type\":\"EntryPoint\",\"urlTemplate\":\"https:\\\/\\\/icesa.cr\\\/en_us\\\/?s={search_term_string}\"},\"query-input\":{\"@type\":\"PropertyValueSpecification\",\"valueRequired\":true,\"valueName\":\"search_term_string\"}}],\"inLanguage\":\"de\"},{\"@type\":\"Organization\",\"@id\":\"https:\\\/\\\/icesa.cr\\\/en_us\\\/#organization\",\"name\":\"Icesa Ingenier\u00eda Ciudad Espacio y Arquitectura\",\"url\":\"https:\\\/\\\/icesa.cr\\\/en_us\\\/\",\"logo\":{\"@type\":\"ImageObject\",\"inLanguage\":\"de\",\"@id\":\"https:\\\/\\\/icesa.cr\\\/en_us\\\/#\\\/schema\\\/logo\\\/image\\\/\",\"url\":\"https:\\\/\\\/icesa.cr\\\/wp-content\\\/uploads\\\/2023\\\/06\\\/Logo-ICESA-Web.jpg\",\"contentUrl\":\"https:\\\/\\\/icesa.cr\\\/wp-content\\\/uploads\\\/2023\\\/06\\\/Logo-ICESA-Web.jpg\",\"width\":640,\"height\":640,\"caption\":\"Icesa Ingenier\u00eda Ciudad Espacio y Arquitectura\"},\"image\":{\"@id\":\"https:\\\/\\\/icesa.cr\\\/en_us\\\/#\\\/schema\\\/logo\\\/image\\\/\"},\"sameAs\":[\"https:\\\/\\\/www.facebook.com\\\/icesaarquitectos\",\"https:\\\/\\\/www.instagram.com\\\/icesa_arquitectos\\\/?hl=en\"]},{\"@type\":\"Person\",\"@id\":\"https:\\\/\\\/icesa.cr\\\/en_us\\\/#\\\/schema\\\/person\\\/5ce175678f89c8b1cf395a2cb2c9af76\",\"name\":\"admin\",\"image\":{\"@type\":\"ImageObject\",\"inLanguage\":\"de\",\"@id\":\"https:\\\/\\\/secure.gravatar.com\\\/avatar\\\/6b76b8d31edcde48cf224b656bd0bdc9e62086e60246e658e8fb7787b72629e1?s=96&d=mm&r=g\",\"url\":\"https:\\\/\\\/secure.gravatar.com\\\/avatar\\\/6b76b8d31edcde48cf224b656bd0bdc9e62086e60246e658e8fb7787b72629e1?s=96&d=mm&r=g\",\"contentUrl\":\"https:\\\/\\\/secure.gravatar.com\\\/avatar\\\/6b76b8d31edcde48cf224b656bd0bdc9e62086e60246e658e8fb7787b72629e1?s=96&d=mm&r=g\",\"caption\":\"admin\"},\"url\":\"https:\\\/\\\/icesa.cr\\\/de\\\/author\\\/admin\\\/\"}]}<\/script>\n<!-- \/ Yoast SEO Premium plugin. -->","yoast_head_json":{"title":"ICESA wins design competition to design ASOUNA's new mixed use building - Icesa Ingenieros y Arquitectos - Ingenier&iacute;a Ciudad Espacio y Arquitectura","description":"Discover ICESA's award-winning design for ASOUNA's new mixed-use building in Heredia, Costa Rica. Explore the sustainable features and future plans for this project.","robots":{"index":"index","follow":"follow","max-snippet":"max-snippet:-1","max-image-preview":"max-image-preview:large","max-video-preview":"max-video-preview:-1"},"canonical":"https:\/\/icesa.cr\/de\/asouna-mixed-use-building-design-competition-winner\/","og_locale":"de_DE","og_type":"article","og_title":"ICESA wins design competition to design ASOUNA's new mixed use building","og_description":"Discover ICESA's award-winning design for ASOUNA's new mixed-use building in Heredia, Costa Rica. Explore the sustainable features and future plans for this project.","og_url":"https:\/\/icesa.cr\/de\/asouna-mixed-use-building-design-competition-winner\/","og_site_name":"Icesa Ingenieros y Arquitectos - Ingenier&iacute;a Ciudad Espacio y Arquitectura","article_publisher":"https:\/\/www.facebook.com\/icesaarquitectos","article_published_time":"2019-01-08T15:03:32+00:00","article_modified_time":"2023-10-10T18:33:02+00:00","og_image":[{"url":"http:\/\/icesa.net\/wp-content\/uploads\/2019\/05\/Costa-Rican-Sustainable-Architecture-1024x754.jpg","type":"","width":"","height":""}],"author":"admin","twitter_card":"summary_large_image","twitter_misc":{"Verfasst von":"admin","Gesch\u00e4tzte Lesezeit":"1\u00a0Minute"},"schema":{"@context":"https:\/\/schema.org","@graph":[{"@type":"Article","@id":"https:\/\/icesa.cr\/asouna-mixed-use-building-design-competition-winner\/#article","isPartOf":{"@id":"https:\/\/icesa.cr\/asouna-mixed-use-building-design-competition-winner\/"},"author":{"name":"admin","@id":"https:\/\/icesa.cr\/en_us\/#\/schema\/person\/5ce175678f89c8b1cf395a2cb2c9af76"},"headline":"ICESA wins design competition to design ASOUNA&#8217;s new mixed use building","datePublished":"2019-01-08T15:03:32+00:00","dateModified":"2023-10-10T18:33:02+00:00","mainEntityOfPage":{"@id":"https:\/\/icesa.cr\/asouna-mixed-use-building-design-competition-winner\/"},"wordCount":65,"publisher":{"@id":"https:\/\/icesa.cr\/en_us\/#organization"},"image":{"@id":"https:\/\/icesa.cr\/asouna-mixed-use-building-design-competition-winner\/#primaryimage"},"thumbnailUrl":"http:\/\/icesa.net\/wp-content\/uploads\/2019\/05\/Costa-Rican-Sustainable-Architecture-1024x754.jpg","articleSection":["Uncategorized"],"inLanguage":"de"},{"@type":"WebPage","@id":"https:\/\/icesa.cr\/asouna-mixed-use-building-design-competition-winner\/","url":"https:\/\/icesa.cr\/asouna-mixed-use-building-design-competition-winner\/","name":"ICESA wins design competition to design ASOUNA's new mixed use building - Icesa Ingenieros y Arquitectos - Ingenier&iacute;a Ciudad Espacio y Arquitectura","isPartOf":{"@id":"https:\/\/icesa.cr\/en_us\/#website"},"primaryImageOfPage":{"@id":"https:\/\/icesa.cr\/asouna-mixed-use-building-design-competition-winner\/#primaryimage"},"image":{"@id":"https:\/\/icesa.cr\/asouna-mixed-use-building-design-competition-winner\/#primaryimage"},"thumbnailUrl":"http:\/\/icesa.net\/wp-content\/uploads\/2019\/05\/Costa-Rican-Sustainable-Architecture-1024x754.jpg","datePublished":"2019-01-08T15:03:32+00:00","dateModified":"2023-10-10T18:33:02+00:00","description":"Discover ICESA's award-winning design for ASOUNA's new mixed-use building in Heredia, Costa Rica. Explore the sustainable features and future plans for this project.","breadcrumb":{"@id":"https:\/\/icesa.cr\/asouna-mixed-use-building-design-competition-winner\/#breadcrumb"},"inLanguage":"de","potentialAction":[{"@type":"ReadAction","target":["https:\/\/icesa.cr\/asouna-mixed-use-building-design-competition-winner\/"]}]},{"@type":"ImageObject","inLanguage":"de","@id":"https:\/\/icesa.cr\/asouna-mixed-use-building-design-competition-winner\/#primaryimage","url":"http:\/\/icesa.net\/wp-content\/uploads\/2019\/05\/Costa-Rican-Sustainable-Architecture-1024x754.jpg","contentUrl":"http:\/\/icesa.net\/wp-content\/uploads\/2019\/05\/Costa-Rican-Sustainable-Architecture-1024x754.jpg"},{"@type":"BreadcrumbList","@id":"https:\/\/icesa.cr\/asouna-mixed-use-building-design-competition-winner\/#breadcrumb","itemListElement":[{"@type":"ListItem","position":1,"name":"Home","item":"https:\/\/icesa.cr\/en_us\/"},{"@type":"ListItem","position":2,"name":"ICESA wins design competition to design ASOUNA&#8217;s new mixed use building"}]},{"@type":"WebSite","@id":"https:\/\/icesa.cr\/en_us\/#website","url":"https:\/\/icesa.cr\/en_us\/","name":"ICESA Costa Rican Architects for Innovative Architecture","description":"Architekten und Ingenieure in Costa Rica","publisher":{"@id":"https:\/\/icesa.cr\/en_us\/#organization"},"potentialAction":[{"@type":"SearchAction","target":{"@type":"EntryPoint","urlTemplate":"https:\/\/icesa.cr\/en_us\/?s={search_term_string}"},"query-input":{"@type":"PropertyValueSpecification","valueRequired":true,"valueName":"search_term_string"}}],"inLanguage":"de"},{"@type":"Organization","@id":"https:\/\/icesa.cr\/en_us\/#organization","name":"Icesa Ingenieurwesen Stadt Raum und Architektur","url":"https:\/\/icesa.cr\/en_us\/","logo":{"@type":"ImageObject","inLanguage":"de","@id":"https:\/\/icesa.cr\/en_us\/#\/schema\/logo\/image\/","url":"https:\/\/icesa.cr\/wp-content\/uploads\/2023\/06\/Logo-ICESA-Web.jpg","contentUrl":"https:\/\/icesa.cr\/wp-content\/uploads\/2023\/06\/Logo-ICESA-Web.jpg","width":640,"height":640,"caption":"Icesa Ingenier\u00eda Ciudad Espacio y Arquitectura"},"image":{"@id":"https:\/\/icesa.cr\/en_us\/#\/schema\/logo\/image\/"},"sameAs":["https:\/\/www.facebook.com\/icesaarquitectos","https:\/\/www.instagram.com\/icesa_arquitectos\/?hl=en"]},{"@type":"Person","@id":"https:\/\/icesa.cr\/en_us\/#\/schema\/person\/5ce175678f89c8b1cf395a2cb2c9af76","name":"Administrator","image":{"@type":"ImageObject","inLanguage":"de","@id":"https:\/\/secure.gravatar.com\/avatar\/6b76b8d31edcde48cf224b656bd0bdc9e62086e60246e658e8fb7787b72629e1?s=96&d=mm&r=g","url":"https:\/\/secure.gravatar.com\/avatar\/6b76b8d31edcde48cf224b656bd0bdc9e62086e60246e658e8fb7787b72629e1?s=96&d=mm&r=g","contentUrl":"https:\/\/secure.gravatar.com\/avatar\/6b76b8d31edcde48cf224b656bd0bdc9e62086e60246e658e8fb7787b72629e1?s=96&d=mm&r=g","caption":"admin"},"url":"https:\/\/icesa.cr\/de\/author\/admin\/"}]}},"_links":{"self":[{"href":"https:\/\/icesa.cr\/de\/wp-json\/wp\/v2\/posts\/4148","targetHints":{"allow":["GET"]}}],"collection":[{"href":"https:\/\/icesa.cr\/de\/wp-json\/wp\/v2\/posts"}],"about":[{"href":"https:\/\/icesa.cr\/de\/wp-json\/wp\/v2\/types\/post"}],"author":[{"embeddable":true,"href":"https:\/\/icesa.cr\/de\/wp-json\/wp\/v2\/users\/1"}],"replies":[{"embeddable":true,"href":"https:\/\/icesa.cr\/de\/wp-json\/wp\/v2\/comments?post=4148"}],"version-history":[{"count":1,"href":"https:\/\/icesa.cr\/de\/wp-json\/wp\/v2\/posts\/4148\/revisions"}],"predecessor-version":[{"id":4150,"href":"https:\/\/icesa.cr\/de\/wp-json\/wp\/v2\/posts\/4148\/revisions\/4150"}],"wp:attachment":[{"href":"https:\/\/icesa.cr\/de\/wp-json\/wp\/v2\/media?parent=4148"}],"wp:term":[{"taxonomy":"category","embeddable":true,"href":"https:\/\/icesa.cr\/de\/wp-json\/wp\/v2\/categories?post=4148"},{"taxonomy":"post_tag","embeddable":true,"href":"https:\/\/icesa.cr\/de\/wp-json\/wp\/v2\/tags?post=4148"}],"curies":[{"name":"wp","href":"https:\/\/api.w.org\/{rel}","templated":true}]}}