{"id":4532,"date":"2021-10-11T16:05:11","date_gmt":"2021-10-11T22:05:11","guid":{"rendered":"https:\/\/icesa.cr\/?p=4532"},"modified":"2023-10-10T12:29:16","modified_gmt":"2023-10-10T18:29:16","slug":"diskussion-forschung-architekturstudenten-ucr","status":"publish","type":"post","link":"https:\/\/icesa.cr\/de\/conversatorio-investigacion-estudiantes-arquitectura-ucr\/","title":{"rendered":"Gespr\u00e4chsrunde"},"content":{"rendered":"<p>Als Teil der Aktivit\u00e4ten zur Feier des 50-j\u00e4hrigen Jubil\u00e4ums von @arquitecturaucr m\u00f6chten wir Sie zu diesem Gespr\u00e4ch einladen, das auf der Abschlussarbeit der Studenten Jeremy Salazar und Adriana Corrales basiert. Sie untersuchten Themen im Zusammenhang mit den Werken von Franz Beer, Pr\u00e4sident von @icesa_arquitectos, und Hern\u00e1n Jimenez.<\/p>","protected":false},"excerpt":{"rendered":"<p>Como parte de las actividades en celebraci\u00f3n del 50 aniversario de @arquitecturaucr , nos permitimos invitarles a este conversatorio basado en la investigaci\u00f3n de trabajo final de graduaci\u00f3n de los [&hellip;]<\/p>\n<p><a href=\"https:\/\/icesa.cr\/de\/conversatorio-investigacion-estudiantes-arquitectura-ucr\/\" class=\"more-link style2-button\">Weiterlesen<\/a><\/p>","protected":false},"author":1,"featured_media":0,"comment_status":"open","ping_status":"open","sticky":false,"template":"","format":"gallery","meta":{"_monsterinsights_skip_tracking":false,"_monsterinsights_sitenote_active":false,"_monsterinsights_sitenote_note":"","_monsterinsights_sitenote_category":0,"footnotes":""},"categories":[1],"tags":[],"class_list":["post-4532","post","type-post","status-publish","format-gallery","hentry","category-uncategorized","post_format-post-format-gallery"],"yoast_head":"<!-- This site is optimized with the Yoast SEO Premium plugin v27.5 (Yoast SEO v27.5) - https:\/\/yoast.com\/product\/yoast-seo-premium-wordpress\/ -->\n<title>Conversatorio - Icesa Ingenieros y Arquitectos - Ingenier&iacute;a Ciudad Espacio y Arquitectura<\/title>\n<meta name=\"description\" content=\"\u00danete a nuestro conversatorio basado en la investigaci\u00f3n de estudiantes de Arquitectura UCR sobre temas vinculantes a las obras de Franz Beer y Hern\u00e1n Jimenez, presidentes de ICESA Arquitectos\" \/>\n<meta name=\"robots\" content=\"index, follow, max-snippet:-1, max-image-preview:large, max-video-preview:-1\" \/>\n<link rel=\"canonical\" href=\"https:\/\/icesa.cr\/de\/diskussion-forschung-architekturstudenten-ucr\/\" \/>\n<meta property=\"og:locale\" content=\"de_DE\" \/>\n<meta property=\"og:type\" content=\"article\" \/>\n<meta property=\"og:title\" content=\"Conversatorio\" \/>\n<meta property=\"og:description\" content=\"\u00danete a nuestro conversatorio basado en la investigaci\u00f3n de estudiantes de Arquitectura UCR sobre temas vinculantes a las obras de Franz Beer y Hern\u00e1n Jimenez, presidentes de ICESA Arquitectos\" \/>\n<meta property=\"og:url\" content=\"https:\/\/icesa.cr\/de\/diskussion-forschung-architekturstudenten-ucr\/\" \/>\n<meta property=\"og:site_name\" content=\"Icesa Ingenieros y Arquitectos - Ingenier&iacute;a Ciudad Espacio y Arquitectura\" \/>\n<meta property=\"article:publisher\" content=\"https:\/\/www.facebook.com\/icesaarquitectos\" \/>\n<meta property=\"article:published_time\" content=\"2021-10-11T22:05:11+00:00\" \/>\n<meta property=\"article:modified_time\" content=\"2023-10-10T18:29:16+00:00\" \/>\n<meta name=\"author\" content=\"admin\" \/>\n<meta name=\"twitter:card\" content=\"summary_large_image\" \/>\n<meta name=\"twitter:label1\" content=\"Verfasst von\" \/>\n\t<meta name=\"twitter:data1\" content=\"admin\" \/>\n\t<meta name=\"twitter:label2\" content=\"Gesch\u00e4tzte Lesezeit\" \/>\n\t<meta name=\"twitter:data2\" content=\"1\u00a0Minute\" \/>\n<script type=\"application\/ld+json\" class=\"yoast-schema-graph\">{\"@context\":\"https:\\\/\\\/schema.org\",\"@graph\":[{\"@type\":\"Article\",\"@id\":\"https:\\\/\\\/icesa.cr\\\/conversatorio-investigacion-estudiantes-arquitectura-ucr\\\/#article\",\"isPartOf\":{\"@id\":\"https:\\\/\\\/icesa.cr\\\/conversatorio-investigacion-estudiantes-arquitectura-ucr\\\/\"},\"author\":{\"name\":\"admin\",\"@id\":\"https:\\\/\\\/icesa.cr\\\/en_us\\\/#\\\/schema\\\/person\\\/5ce175678f89c8b1cf395a2cb2c9af76\"},\"headline\":\"Conversatorio\",\"datePublished\":\"2021-10-11T22:05:11+00:00\",\"dateModified\":\"2023-10-10T18:29:16+00:00\",\"mainEntityOfPage\":{\"@id\":\"https:\\\/\\\/icesa.cr\\\/conversatorio-investigacion-estudiantes-arquitectura-ucr\\\/\"},\"wordCount\":57,\"commentCount\":0,\"publisher\":{\"@id\":\"https:\\\/\\\/icesa.cr\\\/en_us\\\/#organization\"},\"articleSection\":[\"Uncategorized\"],\"inLanguage\":\"de\",\"potentialAction\":[{\"@type\":\"CommentAction\",\"name\":\"Comment\",\"target\":[\"https:\\\/\\\/icesa.cr\\\/conversatorio-investigacion-estudiantes-arquitectura-ucr\\\/#respond\"]}]},{\"@type\":\"WebPage\",\"@id\":\"https:\\\/\\\/icesa.cr\\\/conversatorio-investigacion-estudiantes-arquitectura-ucr\\\/\",\"url\":\"https:\\\/\\\/icesa.cr\\\/conversatorio-investigacion-estudiantes-arquitectura-ucr\\\/\",\"name\":\"Conversatorio - Icesa Ingenieros y Arquitectos - Ingenier&iacute;a Ciudad Espacio y Arquitectura\",\"isPartOf\":{\"@id\":\"https:\\\/\\\/icesa.cr\\\/en_us\\\/#website\"},\"datePublished\":\"2021-10-11T22:05:11+00:00\",\"dateModified\":\"2023-10-10T18:29:16+00:00\",\"description\":\"\u00danete a nuestro conversatorio basado en la investigaci\u00f3n de estudiantes de Arquitectura UCR sobre temas vinculantes a las obras de Franz Beer y Hern\u00e1n Jimenez, presidentes de ICESA Arquitectos\",\"breadcrumb\":{\"@id\":\"https:\\\/\\\/icesa.cr\\\/conversatorio-investigacion-estudiantes-arquitectura-ucr\\\/#breadcrumb\"},\"inLanguage\":\"de\",\"potentialAction\":[{\"@type\":\"ReadAction\",\"target\":[\"https:\\\/\\\/icesa.cr\\\/conversatorio-investigacion-estudiantes-arquitectura-ucr\\\/\"]}]},{\"@type\":\"BreadcrumbList\",\"@id\":\"https:\\\/\\\/icesa.cr\\\/conversatorio-investigacion-estudiantes-arquitectura-ucr\\\/#breadcrumb\",\"itemListElement\":[{\"@type\":\"ListItem\",\"position\":1,\"name\":\"Home\",\"item\":\"https:\\\/\\\/icesa.cr\\\/en_us\\\/\"},{\"@type\":\"ListItem\",\"position\":2,\"name\":\"Conversatorio\"}]},{\"@type\":\"WebSite\",\"@id\":\"https:\\\/\\\/icesa.cr\\\/en_us\\\/#website\",\"url\":\"https:\\\/\\\/icesa.cr\\\/en_us\\\/\",\"name\":\"ICESA Costa Rican Architects for Innovative Architecture\",\"description\":\"Architects and Engineers in Costa Rica\",\"publisher\":{\"@id\":\"https:\\\/\\\/icesa.cr\\\/en_us\\\/#organization\"},\"potentialAction\":[{\"@type\":\"SearchAction\",\"target\":{\"@type\":\"EntryPoint\",\"urlTemplate\":\"https:\\\/\\\/icesa.cr\\\/en_us\\\/?s={search_term_string}\"},\"query-input\":{\"@type\":\"PropertyValueSpecification\",\"valueRequired\":true,\"valueName\":\"search_term_string\"}}],\"inLanguage\":\"de\"},{\"@type\":\"Organization\",\"@id\":\"https:\\\/\\\/icesa.cr\\\/en_us\\\/#organization\",\"name\":\"Icesa Ingenier\u00eda Ciudad Espacio y Arquitectura\",\"url\":\"https:\\\/\\\/icesa.cr\\\/en_us\\\/\",\"logo\":{\"@type\":\"ImageObject\",\"inLanguage\":\"de\",\"@id\":\"https:\\\/\\\/icesa.cr\\\/en_us\\\/#\\\/schema\\\/logo\\\/image\\\/\",\"url\":\"https:\\\/\\\/icesa.cr\\\/wp-content\\\/uploads\\\/2023\\\/06\\\/Logo-ICESA-Web.jpg\",\"contentUrl\":\"https:\\\/\\\/icesa.cr\\\/wp-content\\\/uploads\\\/2023\\\/06\\\/Logo-ICESA-Web.jpg\",\"width\":640,\"height\":640,\"caption\":\"Icesa Ingenier\u00eda Ciudad Espacio y Arquitectura\"},\"image\":{\"@id\":\"https:\\\/\\\/icesa.cr\\\/en_us\\\/#\\\/schema\\\/logo\\\/image\\\/\"},\"sameAs\":[\"https:\\\/\\\/www.facebook.com\\\/icesaarquitectos\",\"https:\\\/\\\/www.instagram.com\\\/icesa_arquitectos\\\/?hl=en\"]},{\"@type\":\"Person\",\"@id\":\"https:\\\/\\\/icesa.cr\\\/en_us\\\/#\\\/schema\\\/person\\\/5ce175678f89c8b1cf395a2cb2c9af76\",\"name\":\"admin\",\"image\":{\"@type\":\"ImageObject\",\"inLanguage\":\"de\",\"@id\":\"https:\\\/\\\/secure.gravatar.com\\\/avatar\\\/6b76b8d31edcde48cf224b656bd0bdc9e62086e60246e658e8fb7787b72629e1?s=96&d=mm&r=g\",\"url\":\"https:\\\/\\\/secure.gravatar.com\\\/avatar\\\/6b76b8d31edcde48cf224b656bd0bdc9e62086e60246e658e8fb7787b72629e1?s=96&d=mm&r=g\",\"contentUrl\":\"https:\\\/\\\/secure.gravatar.com\\\/avatar\\\/6b76b8d31edcde48cf224b656bd0bdc9e62086e60246e658e8fb7787b72629e1?s=96&d=mm&r=g\",\"caption\":\"admin\"},\"url\":\"https:\\\/\\\/icesa.cr\\\/de\\\/author\\\/admin\\\/\"}]}<\/script>\n<!-- \/ Yoast SEO Premium plugin. -->","yoast_head_json":{"title":"Gespr\u00e4ch - Icesa Ingenieros y Arquitectos - Engineering City Space and Architecture","description":"Nehmen Sie an unserem Gespr\u00e4ch teil, das auf der Forschung von Architekturstudenten der UCR zu Themen rund um die Werke von Franz Beer und Hern\u00e1n Jimenez, den Pr\u00e4sidenten von ICESA Arquitectos, basiert.","robots":{"index":"index","follow":"follow","max-snippet":"max-snippet:-1","max-image-preview":"max-image-preview:large","max-video-preview":"max-video-preview:-1"},"canonical":"https:\/\/icesa.cr\/de\/diskussion-forschung-architekturstudenten-ucr\/","og_locale":"de_DE","og_type":"article","og_title":"Conversatorio","og_description":"\u00danete a nuestro conversatorio basado en la investigaci\u00f3n de estudiantes de Arquitectura UCR sobre temas vinculantes a las obras de Franz Beer y Hern\u00e1n Jimenez, presidentes de ICESA Arquitectos","og_url":"https:\/\/icesa.cr\/de\/diskussion-forschung-architekturstudenten-ucr\/","og_site_name":"Icesa Ingenieros y Arquitectos - Ingenier&iacute;a Ciudad Espacio y Arquitectura","article_publisher":"https:\/\/www.facebook.com\/icesaarquitectos","article_published_time":"2021-10-11T22:05:11+00:00","article_modified_time":"2023-10-10T18:29:16+00:00","author":"admin","twitter_card":"summary_large_image","twitter_misc":{"Verfasst von":"admin","Gesch\u00e4tzte Lesezeit":"1\u00a0Minute"},"schema":{"@context":"https:\/\/schema.org","@graph":[{"@type":"Article","@id":"https:\/\/icesa.cr\/conversatorio-investigacion-estudiantes-arquitectura-ucr\/#article","isPartOf":{"@id":"https:\/\/icesa.cr\/conversatorio-investigacion-estudiantes-arquitectura-ucr\/"},"author":{"name":"admin","@id":"https:\/\/icesa.cr\/en_us\/#\/schema\/person\/5ce175678f89c8b1cf395a2cb2c9af76"},"headline":"Conversatorio","datePublished":"2021-10-11T22:05:11+00:00","dateModified":"2023-10-10T18:29:16+00:00","mainEntityOfPage":{"@id":"https:\/\/icesa.cr\/conversatorio-investigacion-estudiantes-arquitectura-ucr\/"},"wordCount":57,"commentCount":0,"publisher":{"@id":"https:\/\/icesa.cr\/en_us\/#organization"},"articleSection":["Uncategorized"],"inLanguage":"de","potentialAction":[{"@type":"CommentAction","name":"Comment","target":["https:\/\/icesa.cr\/conversatorio-investigacion-estudiantes-arquitectura-ucr\/#respond"]}]},{"@type":"WebPage","@id":"https:\/\/icesa.cr\/conversatorio-investigacion-estudiantes-arquitectura-ucr\/","url":"https:\/\/icesa.cr\/conversatorio-investigacion-estudiantes-arquitectura-ucr\/","name":"Gespr\u00e4ch - Icesa Ingenieros y Arquitectos - Engineering City Space and Architecture","isPartOf":{"@id":"https:\/\/icesa.cr\/en_us\/#website"},"datePublished":"2021-10-11T22:05:11+00:00","dateModified":"2023-10-10T18:29:16+00:00","description":"Nehmen Sie an unserem Gespr\u00e4ch teil, das auf der Forschung von Architekturstudenten der UCR zu Themen rund um die Werke von Franz Beer und Hern\u00e1n Jimenez, den Pr\u00e4sidenten von ICESA Arquitectos, basiert.","breadcrumb":{"@id":"https:\/\/icesa.cr\/conversatorio-investigacion-estudiantes-arquitectura-ucr\/#breadcrumb"},"inLanguage":"de","potentialAction":[{"@type":"ReadAction","target":["https:\/\/icesa.cr\/conversatorio-investigacion-estudiantes-arquitectura-ucr\/"]}]},{"@type":"BreadcrumbList","@id":"https:\/\/icesa.cr\/conversatorio-investigacion-estudiantes-arquitectura-ucr\/#breadcrumb","itemListElement":[{"@type":"ListItem","position":1,"name":"Home","item":"https:\/\/icesa.cr\/en_us\/"},{"@type":"ListItem","position":2,"name":"Conversatorio"}]},{"@type":"WebSite","@id":"https:\/\/icesa.cr\/en_us\/#website","url":"https:\/\/icesa.cr\/en_us\/","name":"ICESA Costa Rican Architects for Innovative Architecture","description":"Architekten und Ingenieure in Costa Rica","publisher":{"@id":"https:\/\/icesa.cr\/en_us\/#organization"},"potentialAction":[{"@type":"SearchAction","target":{"@type":"EntryPoint","urlTemplate":"https:\/\/icesa.cr\/en_us\/?s={search_term_string}"},"query-input":{"@type":"PropertyValueSpecification","valueRequired":true,"valueName":"search_term_string"}}],"inLanguage":"de"},{"@type":"Organization","@id":"https:\/\/icesa.cr\/en_us\/#organization","name":"Icesa Ingenieurwesen Stadt Raum und Architektur","url":"https:\/\/icesa.cr\/en_us\/","logo":{"@type":"ImageObject","inLanguage":"de","@id":"https:\/\/icesa.cr\/en_us\/#\/schema\/logo\/image\/","url":"https:\/\/icesa.cr\/wp-content\/uploads\/2023\/06\/Logo-ICESA-Web.jpg","contentUrl":"https:\/\/icesa.cr\/wp-content\/uploads\/2023\/06\/Logo-ICESA-Web.jpg","width":640,"height":640,"caption":"Icesa Ingenier\u00eda Ciudad Espacio y Arquitectura"},"image":{"@id":"https:\/\/icesa.cr\/en_us\/#\/schema\/logo\/image\/"},"sameAs":["https:\/\/www.facebook.com\/icesaarquitectos","https:\/\/www.instagram.com\/icesa_arquitectos\/?hl=en"]},{"@type":"Person","@id":"https:\/\/icesa.cr\/en_us\/#\/schema\/person\/5ce175678f89c8b1cf395a2cb2c9af76","name":"Administrator","image":{"@type":"ImageObject","inLanguage":"de","@id":"https:\/\/secure.gravatar.com\/avatar\/6b76b8d31edcde48cf224b656bd0bdc9e62086e60246e658e8fb7787b72629e1?s=96&d=mm&r=g","url":"https:\/\/secure.gravatar.com\/avatar\/6b76b8d31edcde48cf224b656bd0bdc9e62086e60246e658e8fb7787b72629e1?s=96&d=mm&r=g","contentUrl":"https:\/\/secure.gravatar.com\/avatar\/6b76b8d31edcde48cf224b656bd0bdc9e62086e60246e658e8fb7787b72629e1?s=96&d=mm&r=g","caption":"admin"},"url":"https:\/\/icesa.cr\/de\/author\/admin\/"}]}},"_links":{"self":[{"href":"https:\/\/icesa.cr\/de\/wp-json\/wp\/v2\/posts\/4532","targetHints":{"allow":["GET"]}}],"collection":[{"href":"https:\/\/icesa.cr\/de\/wp-json\/wp\/v2\/posts"}],"about":[{"href":"https:\/\/icesa.cr\/de\/wp-json\/wp\/v2\/types\/post"}],"author":[{"embeddable":true,"href":"https:\/\/icesa.cr\/de\/wp-json\/wp\/v2\/users\/1"}],"replies":[{"embeddable":true,"href":"https:\/\/icesa.cr\/de\/wp-json\/wp\/v2\/comments?post=4532"}],"version-history":[{"count":1,"href":"https:\/\/icesa.cr\/de\/wp-json\/wp\/v2\/posts\/4532\/revisions"}],"predecessor-version":[{"id":4534,"href":"https:\/\/icesa.cr\/de\/wp-json\/wp\/v2\/posts\/4532\/revisions\/4534"}],"wp:attachment":[{"href":"https:\/\/icesa.cr\/de\/wp-json\/wp\/v2\/media?parent=4532"}],"wp:term":[{"taxonomy":"category","embeddable":true,"href":"https:\/\/icesa.cr\/de\/wp-json\/wp\/v2\/categories?post=4532"},{"taxonomy":"post_tag","embeddable":true,"href":"https:\/\/icesa.cr\/de\/wp-json\/wp\/v2\/tags?post=4532"}],"curies":[{"name":"wp","href":"https:\/\/api.w.org\/{rel}","templated":true}]}}