{"id":4796,"date":"2022-07-08T18:01:38","date_gmt":"2022-07-09T00:01:38","guid":{"rendered":"https:\/\/icesa.cr\/?p=4796"},"modified":"2023-10-10T11:33:18","modified_gmt":"2023-10-10T17:33:18","slug":"resilientes-raumliches-modell-kustengebiete","status":"publish","type":"post","link":"https:\/\/icesa.cr\/de\/resilient-spacial-model-coastal-territories\/","title":{"rendered":"Widerstandsf\u00e4higes r\u00e4umliches Modell f\u00fcr sich schnell \u00e4ndernde Gebiete"},"content":{"rendered":"<p>Sebasti\u00e1n Alfaro-Fuscaldo von Icesa stellte heute seinen Vorschlag mit Michael Smith f\u00fcr die Umgestaltung der K\u00fcstengebiete von Santa Teresa, Malpa\u00eds und Manzanillo, Guanacaste, vor. Dies ist eine 18-monatige Designforschung in Partnerschaft mit dem Professional Studio der School of Architecture der Universidad de Costa Rica.<\/p>","protected":false},"excerpt":{"rendered":"<p>Icesa&#8217;s Sebasti\u00e1n Alfaro-Fuscaldo presented today it&#8217;s proposal with Michael Smith for the transformation of the coastal territories of Santa Teresa, Malpa\u00eds and Manzanillo, Guanacaste. This is a 18 month design [&hellip;]<\/p>\n<p><a href=\"https:\/\/icesa.cr\/de\/resilient-spacial-model-coastal-territories\/\" class=\"more-link style2-button\">Weiterlesen<\/a><\/p>","protected":false},"author":1,"featured_media":0,"comment_status":"open","ping_status":"open","sticky":false,"template":"","format":"gallery","meta":{"_monsterinsights_skip_tracking":false,"_monsterinsights_sitenote_active":false,"_monsterinsights_sitenote_note":"","_monsterinsights_sitenote_category":0,"footnotes":""},"categories":[1],"tags":[],"class_list":["post-4796","post","type-post","status-publish","format-gallery","hentry","category-uncategorized","post_format-post-format-gallery"],"yoast_head":"<!-- This site is optimized with the Yoast SEO Premium plugin v27.4 (Yoast SEO v27.4) - https:\/\/yoast.com\/product\/yoast-seo-premium-wordpress\/ -->\n<title>Resilient spacial model for fast changing territories - Icesa Ingenieros y Arquitectos - Ingenier&iacute;a Ciudad Espacio y Arquitectura<\/title>\n<meta name=\"description\" content=\"Explore ICESA&#039;s proposal for transforming Santa Teresa, Malpa\u00eds, and Manzanillo in Guanacaste with a resilient spatial model. A 2023 design research partnership\" \/>\n<meta name=\"robots\" content=\"index, follow, max-snippet:-1, max-image-preview:large, max-video-preview:-1\" \/>\n<link rel=\"canonical\" href=\"https:\/\/icesa.cr\/de\/resilientes-raumliches-modell-kustengebiete\/\" \/>\n<meta property=\"og:locale\" content=\"de_DE\" \/>\n<meta property=\"og:type\" content=\"article\" \/>\n<meta property=\"og:title\" content=\"Resilient spacial model for fast changing territories\" \/>\n<meta property=\"og:description\" content=\"Explore ICESA&#039;s proposal for transforming Santa Teresa, Malpa\u00eds, and Manzanillo in Guanacaste with a resilient spatial model. A 2023 design research partnership\" \/>\n<meta property=\"og:url\" content=\"https:\/\/icesa.cr\/de\/resilientes-raumliches-modell-kustengebiete\/\" \/>\n<meta property=\"og:site_name\" content=\"Icesa Ingenieros y Arquitectos - Ingenier&iacute;a Ciudad Espacio y Arquitectura\" \/>\n<meta property=\"article:publisher\" content=\"https:\/\/www.facebook.com\/icesaarquitectos\" \/>\n<meta property=\"article:published_time\" content=\"2022-07-09T00:01:38+00:00\" \/>\n<meta property=\"article:modified_time\" content=\"2023-10-10T17:33:18+00:00\" \/>\n<meta name=\"author\" content=\"admin\" \/>\n<meta name=\"twitter:card\" content=\"summary_large_image\" \/>\n<meta name=\"twitter:label1\" content=\"Verfasst von\" \/>\n\t<meta name=\"twitter:data1\" content=\"admin\" \/>\n\t<meta name=\"twitter:label2\" content=\"Gesch\u00e4tzte Lesezeit\" \/>\n\t<meta name=\"twitter:data2\" content=\"1\u00a0Minute\" \/>\n<script type=\"application\/ld+json\" class=\"yoast-schema-graph\">{\"@context\":\"https:\\\/\\\/schema.org\",\"@graph\":[{\"@type\":\"Article\",\"@id\":\"https:\\\/\\\/icesa.cr\\\/resilient-spacial-model-coastal-territories\\\/#article\",\"isPartOf\":{\"@id\":\"https:\\\/\\\/icesa.cr\\\/resilient-spacial-model-coastal-territories\\\/\"},\"author\":{\"name\":\"admin\",\"@id\":\"https:\\\/\\\/icesa.cr\\\/en_us\\\/#\\\/schema\\\/person\\\/5ce175678f89c8b1cf395a2cb2c9af76\"},\"headline\":\"Resilient spacial model for fast changing territories\",\"datePublished\":\"2022-07-09T00:01:38+00:00\",\"dateModified\":\"2023-10-10T17:33:18+00:00\",\"mainEntityOfPage\":{\"@id\":\"https:\\\/\\\/icesa.cr\\\/resilient-spacial-model-coastal-territories\\\/\"},\"wordCount\":58,\"commentCount\":0,\"publisher\":{\"@id\":\"https:\\\/\\\/icesa.cr\\\/en_us\\\/#organization\"},\"articleSection\":[\"Uncategorized\"],\"inLanguage\":\"de\",\"potentialAction\":[{\"@type\":\"CommentAction\",\"name\":\"Comment\",\"target\":[\"https:\\\/\\\/icesa.cr\\\/resilient-spacial-model-coastal-territories\\\/#respond\"]}]},{\"@type\":\"WebPage\",\"@id\":\"https:\\\/\\\/icesa.cr\\\/resilient-spacial-model-coastal-territories\\\/\",\"url\":\"https:\\\/\\\/icesa.cr\\\/resilient-spacial-model-coastal-territories\\\/\",\"name\":\"Resilient spacial model for fast changing territories - Icesa Ingenieros y Arquitectos - Ingenier&iacute;a Ciudad Espacio y Arquitectura\",\"isPartOf\":{\"@id\":\"https:\\\/\\\/icesa.cr\\\/en_us\\\/#website\"},\"datePublished\":\"2022-07-09T00:01:38+00:00\",\"dateModified\":\"2023-10-10T17:33:18+00:00\",\"description\":\"Explore ICESA's proposal for transforming Santa Teresa, Malpa\u00eds, and Manzanillo in Guanacaste with a resilient spatial model. A 2023 design research partnership\",\"breadcrumb\":{\"@id\":\"https:\\\/\\\/icesa.cr\\\/resilient-spacial-model-coastal-territories\\\/#breadcrumb\"},\"inLanguage\":\"de\",\"potentialAction\":[{\"@type\":\"ReadAction\",\"target\":[\"https:\\\/\\\/icesa.cr\\\/resilient-spacial-model-coastal-territories\\\/\"]}]},{\"@type\":\"BreadcrumbList\",\"@id\":\"https:\\\/\\\/icesa.cr\\\/resilient-spacial-model-coastal-territories\\\/#breadcrumb\",\"itemListElement\":[{\"@type\":\"ListItem\",\"position\":1,\"name\":\"Home\",\"item\":\"https:\\\/\\\/icesa.cr\\\/en_us\\\/\"},{\"@type\":\"ListItem\",\"position\":2,\"name\":\"Resilient spacial model for fast changing territories\"}]},{\"@type\":\"WebSite\",\"@id\":\"https:\\\/\\\/icesa.cr\\\/en_us\\\/#website\",\"url\":\"https:\\\/\\\/icesa.cr\\\/en_us\\\/\",\"name\":\"ICESA Costa Rican Architects for Innovative Architecture\",\"description\":\"Architects and Engineers in Costa Rica\",\"publisher\":{\"@id\":\"https:\\\/\\\/icesa.cr\\\/en_us\\\/#organization\"},\"potentialAction\":[{\"@type\":\"SearchAction\",\"target\":{\"@type\":\"EntryPoint\",\"urlTemplate\":\"https:\\\/\\\/icesa.cr\\\/en_us\\\/?s={search_term_string}\"},\"query-input\":{\"@type\":\"PropertyValueSpecification\",\"valueRequired\":true,\"valueName\":\"search_term_string\"}}],\"inLanguage\":\"de\"},{\"@type\":\"Organization\",\"@id\":\"https:\\\/\\\/icesa.cr\\\/en_us\\\/#organization\",\"name\":\"Icesa Ingenier\u00eda Ciudad Espacio y Arquitectura\",\"url\":\"https:\\\/\\\/icesa.cr\\\/en_us\\\/\",\"logo\":{\"@type\":\"ImageObject\",\"inLanguage\":\"de\",\"@id\":\"https:\\\/\\\/icesa.cr\\\/en_us\\\/#\\\/schema\\\/logo\\\/image\\\/\",\"url\":\"https:\\\/\\\/icesa.cr\\\/wp-content\\\/uploads\\\/2023\\\/06\\\/Logo-ICESA-Web.jpg\",\"contentUrl\":\"https:\\\/\\\/icesa.cr\\\/wp-content\\\/uploads\\\/2023\\\/06\\\/Logo-ICESA-Web.jpg\",\"width\":640,\"height\":640,\"caption\":\"Icesa Ingenier\u00eda Ciudad Espacio y Arquitectura\"},\"image\":{\"@id\":\"https:\\\/\\\/icesa.cr\\\/en_us\\\/#\\\/schema\\\/logo\\\/image\\\/\"},\"sameAs\":[\"https:\\\/\\\/www.facebook.com\\\/icesaarquitectos\",\"https:\\\/\\\/www.instagram.com\\\/icesa_arquitectos\\\/?hl=en\"]},{\"@type\":\"Person\",\"@id\":\"https:\\\/\\\/icesa.cr\\\/en_us\\\/#\\\/schema\\\/person\\\/5ce175678f89c8b1cf395a2cb2c9af76\",\"name\":\"admin\",\"image\":{\"@type\":\"ImageObject\",\"inLanguage\":\"de\",\"@id\":\"https:\\\/\\\/secure.gravatar.com\\\/avatar\\\/6b76b8d31edcde48cf224b656bd0bdc9e62086e60246e658e8fb7787b72629e1?s=96&d=mm&r=g\",\"url\":\"https:\\\/\\\/secure.gravatar.com\\\/avatar\\\/6b76b8d31edcde48cf224b656bd0bdc9e62086e60246e658e8fb7787b72629e1?s=96&d=mm&r=g\",\"contentUrl\":\"https:\\\/\\\/secure.gravatar.com\\\/avatar\\\/6b76b8d31edcde48cf224b656bd0bdc9e62086e60246e658e8fb7787b72629e1?s=96&d=mm&r=g\",\"caption\":\"admin\"},\"url\":\"https:\\\/\\\/icesa.cr\\\/de\\\/author\\\/admin\\\/\"}]}<\/script>\n<!-- \/ Yoast SEO Premium plugin. -->","yoast_head_json":{"title":"Resilient spacial model for fast changing territories - Icesa Ingenieros y Arquitectos - Ingenier&iacute;a Ciudad Espacio y Arquitectura","description":"Explore ICESA's proposal for transforming Santa Teresa, Malpa\u00eds, and Manzanillo in Guanacaste with a resilient spatial model. A 2023 design research partnership","robots":{"index":"index","follow":"follow","max-snippet":"max-snippet:-1","max-image-preview":"max-image-preview:large","max-video-preview":"max-video-preview:-1"},"canonical":"https:\/\/icesa.cr\/de\/resilientes-raumliches-modell-kustengebiete\/","og_locale":"de_DE","og_type":"article","og_title":"Resilient spacial model for fast changing territories","og_description":"Explore ICESA's proposal for transforming Santa Teresa, Malpa\u00eds, and Manzanillo in Guanacaste with a resilient spatial model. A 2023 design research partnership","og_url":"https:\/\/icesa.cr\/de\/resilientes-raumliches-modell-kustengebiete\/","og_site_name":"Icesa Ingenieros y Arquitectos - Ingenier&iacute;a Ciudad Espacio y Arquitectura","article_publisher":"https:\/\/www.facebook.com\/icesaarquitectos","article_published_time":"2022-07-09T00:01:38+00:00","article_modified_time":"2023-10-10T17:33:18+00:00","author":"admin","twitter_card":"summary_large_image","twitter_misc":{"Verfasst von":"admin","Gesch\u00e4tzte Lesezeit":"1\u00a0Minute"},"schema":{"@context":"https:\/\/schema.org","@graph":[{"@type":"Article","@id":"https:\/\/icesa.cr\/resilient-spacial-model-coastal-territories\/#article","isPartOf":{"@id":"https:\/\/icesa.cr\/resilient-spacial-model-coastal-territories\/"},"author":{"name":"admin","@id":"https:\/\/icesa.cr\/en_us\/#\/schema\/person\/5ce175678f89c8b1cf395a2cb2c9af76"},"headline":"Resilient spacial model for fast changing territories","datePublished":"2022-07-09T00:01:38+00:00","dateModified":"2023-10-10T17:33:18+00:00","mainEntityOfPage":{"@id":"https:\/\/icesa.cr\/resilient-spacial-model-coastal-territories\/"},"wordCount":58,"commentCount":0,"publisher":{"@id":"https:\/\/icesa.cr\/en_us\/#organization"},"articleSection":["Uncategorized"],"inLanguage":"de","potentialAction":[{"@type":"CommentAction","name":"Comment","target":["https:\/\/icesa.cr\/resilient-spacial-model-coastal-territories\/#respond"]}]},{"@type":"WebPage","@id":"https:\/\/icesa.cr\/resilient-spacial-model-coastal-territories\/","url":"https:\/\/icesa.cr\/resilient-spacial-model-coastal-territories\/","name":"Resilient spacial model for fast changing territories - Icesa Ingenieros y Arquitectos - Ingenier&iacute;a Ciudad Espacio y Arquitectura","isPartOf":{"@id":"https:\/\/icesa.cr\/en_us\/#website"},"datePublished":"2022-07-09T00:01:38+00:00","dateModified":"2023-10-10T17:33:18+00:00","description":"Explore ICESA's proposal for transforming Santa Teresa, Malpa\u00eds, and Manzanillo in Guanacaste with a resilient spatial model. A 2023 design research partnership","breadcrumb":{"@id":"https:\/\/icesa.cr\/resilient-spacial-model-coastal-territories\/#breadcrumb"},"inLanguage":"de","potentialAction":[{"@type":"ReadAction","target":["https:\/\/icesa.cr\/resilient-spacial-model-coastal-territories\/"]}]},{"@type":"BreadcrumbList","@id":"https:\/\/icesa.cr\/resilient-spacial-model-coastal-territories\/#breadcrumb","itemListElement":[{"@type":"ListItem","position":1,"name":"Home","item":"https:\/\/icesa.cr\/en_us\/"},{"@type":"ListItem","position":2,"name":"Resilient spacial model for fast changing territories"}]},{"@type":"WebSite","@id":"https:\/\/icesa.cr\/en_us\/#website","url":"https:\/\/icesa.cr\/en_us\/","name":"ICESA Costa Rican Architects for Innovative Architecture","description":"Architekten und Ingenieure in Costa Rica","publisher":{"@id":"https:\/\/icesa.cr\/en_us\/#organization"},"potentialAction":[{"@type":"SearchAction","target":{"@type":"EntryPoint","urlTemplate":"https:\/\/icesa.cr\/en_us\/?s={search_term_string}"},"query-input":{"@type":"PropertyValueSpecification","valueRequired":true,"valueName":"search_term_string"}}],"inLanguage":"de"},{"@type":"Organization","@id":"https:\/\/icesa.cr\/en_us\/#organization","name":"Icesa Ingenieurwesen Stadt Raum und Architektur","url":"https:\/\/icesa.cr\/en_us\/","logo":{"@type":"ImageObject","inLanguage":"de","@id":"https:\/\/icesa.cr\/en_us\/#\/schema\/logo\/image\/","url":"https:\/\/icesa.cr\/wp-content\/uploads\/2023\/06\/Logo-ICESA-Web.jpg","contentUrl":"https:\/\/icesa.cr\/wp-content\/uploads\/2023\/06\/Logo-ICESA-Web.jpg","width":640,"height":640,"caption":"Icesa Ingenier\u00eda Ciudad Espacio y Arquitectura"},"image":{"@id":"https:\/\/icesa.cr\/en_us\/#\/schema\/logo\/image\/"},"sameAs":["https:\/\/www.facebook.com\/icesaarquitectos","https:\/\/www.instagram.com\/icesa_arquitectos\/?hl=en"]},{"@type":"Person","@id":"https:\/\/icesa.cr\/en_us\/#\/schema\/person\/5ce175678f89c8b1cf395a2cb2c9af76","name":"Administrator","image":{"@type":"ImageObject","inLanguage":"de","@id":"https:\/\/secure.gravatar.com\/avatar\/6b76b8d31edcde48cf224b656bd0bdc9e62086e60246e658e8fb7787b72629e1?s=96&d=mm&r=g","url":"https:\/\/secure.gravatar.com\/avatar\/6b76b8d31edcde48cf224b656bd0bdc9e62086e60246e658e8fb7787b72629e1?s=96&d=mm&r=g","contentUrl":"https:\/\/secure.gravatar.com\/avatar\/6b76b8d31edcde48cf224b656bd0bdc9e62086e60246e658e8fb7787b72629e1?s=96&d=mm&r=g","caption":"admin"},"url":"https:\/\/icesa.cr\/de\/author\/admin\/"}]}},"_links":{"self":[{"href":"https:\/\/icesa.cr\/de\/wp-json\/wp\/v2\/posts\/4796","targetHints":{"allow":["GET"]}}],"collection":[{"href":"https:\/\/icesa.cr\/de\/wp-json\/wp\/v2\/posts"}],"about":[{"href":"https:\/\/icesa.cr\/de\/wp-json\/wp\/v2\/types\/post"}],"author":[{"embeddable":true,"href":"https:\/\/icesa.cr\/de\/wp-json\/wp\/v2\/users\/1"}],"replies":[{"embeddable":true,"href":"https:\/\/icesa.cr\/de\/wp-json\/wp\/v2\/comments?post=4796"}],"version-history":[{"count":1,"href":"https:\/\/icesa.cr\/de\/wp-json\/wp\/v2\/posts\/4796\/revisions"}],"predecessor-version":[{"id":4800,"href":"https:\/\/icesa.cr\/de\/wp-json\/wp\/v2\/posts\/4796\/revisions\/4800"}],"wp:attachment":[{"href":"https:\/\/icesa.cr\/de\/wp-json\/wp\/v2\/media?parent=4796"}],"wp:term":[{"taxonomy":"category","embeddable":true,"href":"https:\/\/icesa.cr\/de\/wp-json\/wp\/v2\/categories?post=4796"},{"taxonomy":"post_tag","embeddable":true,"href":"https:\/\/icesa.cr\/de\/wp-json\/wp\/v2\/tags?post=4796"}],"curies":[{"name":"wp","href":"https:\/\/api.w.org\/{rel}","templated":true}]}}