{"id":5700,"date":"2026-04-24T09:44:37","date_gmt":"2026-04-24T15:44:37","guid":{"rendered":"https:\/\/icesa.cr\/?p=5700"},"modified":"2026-04-24T09:49:41","modified_gmt":"2026-04-24T15:49:41","slug":"el-atico-mac-panama","status":"publish","type":"post","link":"https:\/\/icesa.cr\/de\/el-atico-mac-panama\/","title":{"rendered":"El \u00c1tico: Mac Panam\u00e1:"},"content":{"rendered":"<h6 class=\"wp-block-heading\" id=\"h-notes-on-a-museum-and-the-city\"><strong>Anmerkungen zu einem Museum und der Stadt<\/strong><\/h6>\n\n\n\n<p class=\"translation-block\"><a href=\"https:\/\/icesa.cr\/de\/portfolio\/mac-panama-el-atico\/\" target=\"_self\">Unser Vorschlag<\/a> f\u00fcr das neue <a href=\"https:\/\/macpanama.org\" target=\"_self\">Museum f\u00fcr Zeitgen\u00f6ssische Kunst in Panama<\/a> basiert auf einer einfachen Pr\u00e4misse: Das Museum sollte nicht als Objekt verstanden werden, sondern als Ort innerhalb der Stadt.<\/p>\n\n\n\n<p>Das Grundst\u00fcck liegt zwischen kontrastierenden urbanen Bedingungen: der Fischergemeinde Boca La Caja, dem wachsenden Stadtteil San Francisco, institutionellen Einrichtungen und gro\u00dfma\u00dfst\u00e4blichen kommerziellen Entwicklungen. In diesem fragmentierten Kontext etabliert das Projekt einen zivilen Ort, indem es dem Boden Vorrang gibt.<\/p>\n\n\n\n<p class=\"translation-block\">Die Ecke des Grundst\u00fccks \u2014 ihr sichtbarster und zug\u00e4nglichster Punkt \u2014 wird als beschatteter \u00f6ffentlicher Raum freigegeben: Atrio Arte, ein \u00fcberdachter Platz, der ohne Eintritt zug\u00e4nglich ist. Im tropischen Klima Panamas ist Schatten kein Zusatz, sondern eine Voraussetzung f\u00fcr kollektives Leben. Der Platz ist kein Restraum; er ist der prim\u00e4re architektonische Akt. Das Museum organisiert sich dar\u00fcber.<\/p>\n\n\n\n<!--more-->\n\n\n\n<p>Das Projekt arbeitet \u00fcber den Schnitt statt \u00fcber das Bild. Eine durchgehende Basis \u2014 aufgebaut auf der bestehenden Fundamentplatte \u2014 nimmt die technischen und infrastrukturellen Funktionen auf. Dar\u00fcber erhebt sich ein st\u00fctzenfreier Ausstellungsraum, definiert durch indirektes zenitales Licht und umh\u00fcllt von einer durchl\u00e4ssigen Terrakottafassade. Der Abstand zwischen beiden Schichten erm\u00f6glicht Querl\u00fcftung und temperiert den \u00f6ffentlichen Raum darunter.<\/p>\n\n\n\n<p>Vom Platz aus organisiert das Geb\u00e4ude einen graduellen Aufstieg. Gemeinschaftsr\u00e4ume vermitteln zwischen dem zivilen Erdgeschoss und der Ausstellungsebene und strukturieren eine Abfolge vom \u00d6ffentlichen zum Kollektiven und vom Kollektiven zum Kontemplativen.<\/p>\n\n\n\n<p>Diese Schichtung ist sowohl r\u00e4umlich als auch institutionell. Sie erweitert die Rolle des Museums \u00fcber die Ausstellung hinaus und positioniert es als aktive urbane Plattform. In einem Kontext, der zunehmend von privater Entwicklung gepr\u00e4gt ist, versteht das Projekt Architektur als Mittel zur Herstellung \u00f6ffentlichen Raums.<\/p>\n\n\n\n<p><\/p>","protected":false},"excerpt":{"rendered":"<p>Notes on a museum and the city Our proposal for the new Museum of Contemporary Art of Panama begins from a simple premise: the museum should not be conceived as [&hellip;]<\/p>\n<p><a href=\"https:\/\/icesa.cr\/de\/el-atico-mac-panama\/\" class=\"more-link style2-button\">Weiterlesen<\/a><\/p>","protected":false},"author":1,"featured_media":5698,"comment_status":"open","ping_status":"open","sticky":false,"template":"","format":"standard","meta":{"_monsterinsights_skip_tracking":false,"_monsterinsights_sitenote_active":false,"_monsterinsights_sitenote_note":"","_monsterinsights_sitenote_category":0,"footnotes":""},"categories":[1],"tags":[],"class_list":["post-5700","post","type-post","status-publish","format-standard","has-post-thumbnail","hentry","category-uncategorized"],"yoast_head":"<!-- This site is optimized with the Yoast SEO Premium plugin v27.4 (Yoast SEO v27.4) - https:\/\/yoast.com\/product\/yoast-seo-premium-wordpress\/ -->\n<title>El \u00c1tico: Mac Panam\u00e1: - Icesa Ingenieros y Arquitectos - Ingenier&iacute;a Ciudad Espacio y Arquitectura<\/title>\n<meta name=\"robots\" content=\"index, follow, max-snippet:-1, max-image-preview:large, max-video-preview:-1\" \/>\n<link rel=\"canonical\" href=\"https:\/\/icesa.cr\/de\/el-atico-mac-panama\/\" \/>\n<meta property=\"og:locale\" content=\"de_DE\" \/>\n<meta property=\"og:type\" content=\"article\" \/>\n<meta property=\"og:title\" content=\"El \u00c1tico: Mac Panam\u00e1:\" \/>\n<meta property=\"og:description\" content=\"Notes on a museum and the city Our proposal for the new Museum of Contemporary Art of Panama begins from a simple premise: the museum should not be conceived as [&hellip;]\" \/>\n<meta property=\"og:url\" content=\"https:\/\/icesa.cr\/de\/el-atico-mac-panama\/\" \/>\n<meta property=\"og:site_name\" content=\"Icesa Ingenieros y Arquitectos - Ingenier&iacute;a Ciudad Espacio y Arquitectura\" \/>\n<meta property=\"article:publisher\" content=\"https:\/\/www.facebook.com\/icesaarquitectos\" \/>\n<meta property=\"article:published_time\" content=\"2026-04-24T15:44:37+00:00\" \/>\n<meta property=\"article:modified_time\" content=\"2026-04-24T15:49:41+00:00\" \/>\n<meta property=\"og:image\" content=\"https:\/\/icesa.cr\/wp-content\/uploads\/2026\/04\/WS__RENDER-CONTEXTO_zoom-in.jpg\" \/>\n\t<meta property=\"og:image:width\" content=\"1920\" \/>\n\t<meta property=\"og:image:height\" content=\"1440\" \/>\n\t<meta property=\"og:image:type\" content=\"image\/jpeg\" \/>\n<meta name=\"author\" content=\"admin\" \/>\n<meta name=\"twitter:card\" content=\"summary_large_image\" \/>\n<meta name=\"twitter:label1\" content=\"Verfasst von\" \/>\n\t<meta name=\"twitter:data1\" content=\"admin\" \/>\n\t<meta name=\"twitter:label2\" content=\"Gesch\u00e4tzte Lesezeit\" \/>\n\t<meta name=\"twitter:data2\" content=\"2\u00a0Minuten\" \/>\n<script type=\"application\/ld+json\" class=\"yoast-schema-graph\">{\"@context\":\"https:\\\/\\\/schema.org\",\"@graph\":[{\"@type\":\"Article\",\"@id\":\"https:\\\/\\\/icesa.cr\\\/el-atico-mac-panama\\\/#article\",\"isPartOf\":{\"@id\":\"https:\\\/\\\/icesa.cr\\\/el-atico-mac-panama\\\/\"},\"author\":{\"name\":\"admin\",\"@id\":\"https:\\\/\\\/icesa.cr\\\/en_us\\\/#\\\/schema\\\/person\\\/5ce175678f89c8b1cf395a2cb2c9af76\"},\"headline\":\"El \u00c1tico: Mac Panam\u00e1:\",\"datePublished\":\"2026-04-24T15:44:37+00:00\",\"dateModified\":\"2026-04-24T15:49:41+00:00\",\"mainEntityOfPage\":{\"@id\":\"https:\\\/\\\/icesa.cr\\\/el-atico-mac-panama\\\/\"},\"wordCount\":279,\"commentCount\":0,\"publisher\":{\"@id\":\"https:\\\/\\\/icesa.cr\\\/en_us\\\/#organization\"},\"image\":{\"@id\":\"https:\\\/\\\/icesa.cr\\\/el-atico-mac-panama\\\/#primaryimage\"},\"thumbnailUrl\":\"https:\\\/\\\/icesa.cr\\\/wp-content\\\/uploads\\\/2026\\\/04\\\/WS__RENDER-CONTEXTO_zoom-in.jpg\",\"articleSection\":[\"Uncategorized\"],\"inLanguage\":\"de\",\"potentialAction\":[{\"@type\":\"CommentAction\",\"name\":\"Comment\",\"target\":[\"https:\\\/\\\/icesa.cr\\\/el-atico-mac-panama\\\/#respond\"]}]},{\"@type\":\"WebPage\",\"@id\":\"https:\\\/\\\/icesa.cr\\\/el-atico-mac-panama\\\/\",\"url\":\"https:\\\/\\\/icesa.cr\\\/el-atico-mac-panama\\\/\",\"name\":\"El \u00c1tico: Mac Panam\u00e1: - Icesa Ingenieros y Arquitectos - Ingenier&iacute;a Ciudad Espacio y Arquitectura\",\"isPartOf\":{\"@id\":\"https:\\\/\\\/icesa.cr\\\/en_us\\\/#website\"},\"primaryImageOfPage\":{\"@id\":\"https:\\\/\\\/icesa.cr\\\/el-atico-mac-panama\\\/#primaryimage\"},\"image\":{\"@id\":\"https:\\\/\\\/icesa.cr\\\/el-atico-mac-panama\\\/#primaryimage\"},\"thumbnailUrl\":\"https:\\\/\\\/icesa.cr\\\/wp-content\\\/uploads\\\/2026\\\/04\\\/WS__RENDER-CONTEXTO_zoom-in.jpg\",\"datePublished\":\"2026-04-24T15:44:37+00:00\",\"dateModified\":\"2026-04-24T15:49:41+00:00\",\"breadcrumb\":{\"@id\":\"https:\\\/\\\/icesa.cr\\\/el-atico-mac-panama\\\/#breadcrumb\"},\"inLanguage\":\"de\",\"potentialAction\":[{\"@type\":\"ReadAction\",\"target\":[\"https:\\\/\\\/icesa.cr\\\/el-atico-mac-panama\\\/\"]}]},{\"@type\":\"ImageObject\",\"inLanguage\":\"de\",\"@id\":\"https:\\\/\\\/icesa.cr\\\/el-atico-mac-panama\\\/#primaryimage\",\"url\":\"https:\\\/\\\/icesa.cr\\\/wp-content\\\/uploads\\\/2026\\\/04\\\/WS__RENDER-CONTEXTO_zoom-in.jpg\",\"contentUrl\":\"https:\\\/\\\/icesa.cr\\\/wp-content\\\/uploads\\\/2026\\\/04\\\/WS__RENDER-CONTEXTO_zoom-in.jpg\",\"width\":1920,\"height\":1440,\"caption\":\"Emplazamiento entre Boca La Caja, el Pac\u00edfico y el tejido de torres de San Francisco.\"},{\"@type\":\"BreadcrumbList\",\"@id\":\"https:\\\/\\\/icesa.cr\\\/el-atico-mac-panama\\\/#breadcrumb\",\"itemListElement\":[{\"@type\":\"ListItem\",\"position\":1,\"name\":\"Home\",\"item\":\"https:\\\/\\\/icesa.cr\\\/en_us\\\/\"},{\"@type\":\"ListItem\",\"position\":2,\"name\":\"El \u00c1tico: Mac Panam\u00e1:\"}]},{\"@type\":\"WebSite\",\"@id\":\"https:\\\/\\\/icesa.cr\\\/en_us\\\/#website\",\"url\":\"https:\\\/\\\/icesa.cr\\\/en_us\\\/\",\"name\":\"ICESA Costa Rican Architects for Innovative Architecture\",\"description\":\"Architects and Engineers in Costa Rica\",\"publisher\":{\"@id\":\"https:\\\/\\\/icesa.cr\\\/en_us\\\/#organization\"},\"potentialAction\":[{\"@type\":\"SearchAction\",\"target\":{\"@type\":\"EntryPoint\",\"urlTemplate\":\"https:\\\/\\\/icesa.cr\\\/en_us\\\/?s={search_term_string}\"},\"query-input\":{\"@type\":\"PropertyValueSpecification\",\"valueRequired\":true,\"valueName\":\"search_term_string\"}}],\"inLanguage\":\"de\"},{\"@type\":\"Organization\",\"@id\":\"https:\\\/\\\/icesa.cr\\\/en_us\\\/#organization\",\"name\":\"Icesa Ingenier\u00eda Ciudad Espacio y Arquitectura\",\"url\":\"https:\\\/\\\/icesa.cr\\\/en_us\\\/\",\"logo\":{\"@type\":\"ImageObject\",\"inLanguage\":\"de\",\"@id\":\"https:\\\/\\\/icesa.cr\\\/en_us\\\/#\\\/schema\\\/logo\\\/image\\\/\",\"url\":\"https:\\\/\\\/icesa.cr\\\/wp-content\\\/uploads\\\/2023\\\/06\\\/Logo-ICESA-Web.jpg\",\"contentUrl\":\"https:\\\/\\\/icesa.cr\\\/wp-content\\\/uploads\\\/2023\\\/06\\\/Logo-ICESA-Web.jpg\",\"width\":640,\"height\":640,\"caption\":\"Icesa Ingenier\u00eda Ciudad Espacio y Arquitectura\"},\"image\":{\"@id\":\"https:\\\/\\\/icesa.cr\\\/en_us\\\/#\\\/schema\\\/logo\\\/image\\\/\"},\"sameAs\":[\"https:\\\/\\\/www.facebook.com\\\/icesaarquitectos\",\"https:\\\/\\\/www.instagram.com\\\/icesa_arquitectos\\\/?hl=en\"]},{\"@type\":\"Person\",\"@id\":\"https:\\\/\\\/icesa.cr\\\/en_us\\\/#\\\/schema\\\/person\\\/5ce175678f89c8b1cf395a2cb2c9af76\",\"name\":\"admin\",\"image\":{\"@type\":\"ImageObject\",\"inLanguage\":\"de\",\"@id\":\"https:\\\/\\\/secure.gravatar.com\\\/avatar\\\/6b76b8d31edcde48cf224b656bd0bdc9e62086e60246e658e8fb7787b72629e1?s=96&d=mm&r=g\",\"url\":\"https:\\\/\\\/secure.gravatar.com\\\/avatar\\\/6b76b8d31edcde48cf224b656bd0bdc9e62086e60246e658e8fb7787b72629e1?s=96&d=mm&r=g\",\"contentUrl\":\"https:\\\/\\\/secure.gravatar.com\\\/avatar\\\/6b76b8d31edcde48cf224b656bd0bdc9e62086e60246e658e8fb7787b72629e1?s=96&d=mm&r=g\",\"caption\":\"admin\"},\"url\":\"https:\\\/\\\/icesa.cr\\\/de\\\/author\\\/admin\\\/\"}]}<\/script>\n<!-- \/ Yoast SEO Premium plugin. -->","yoast_head_json":{"title":"El \u00c1tico: Mac Panam\u00e1: - Icesa Ingenieros y Arquitectos - Ingenier&iacute;a Ciudad Espacio y Arquitectura","robots":{"index":"index","follow":"follow","max-snippet":"max-snippet:-1","max-image-preview":"max-image-preview:large","max-video-preview":"max-video-preview:-1"},"canonical":"https:\/\/icesa.cr\/de\/el-atico-mac-panama\/","og_locale":"de_DE","og_type":"article","og_title":"El \u00c1tico: Mac Panam\u00e1:","og_description":"Notes on a museum and the city Our proposal for the new Museum of Contemporary Art of Panama begins from a simple premise: the museum should not be conceived as [&hellip;]","og_url":"https:\/\/icesa.cr\/de\/el-atico-mac-panama\/","og_site_name":"Icesa Ingenieros y Arquitectos - Ingenier&iacute;a Ciudad Espacio y Arquitectura","article_publisher":"https:\/\/www.facebook.com\/icesaarquitectos","article_published_time":"2026-04-24T15:44:37+00:00","article_modified_time":"2026-04-24T15:49:41+00:00","og_image":[{"width":1920,"height":1440,"url":"https:\/\/icesa.cr\/wp-content\/uploads\/2026\/04\/WS__RENDER-CONTEXTO_zoom-in.jpg","type":"image\/jpeg"}],"author":"admin","twitter_card":"summary_large_image","twitter_misc":{"Verfasst von":"admin","Gesch\u00e4tzte Lesezeit":"2\u00a0Minuten"},"schema":{"@context":"https:\/\/schema.org","@graph":[{"@type":"Article","@id":"https:\/\/icesa.cr\/el-atico-mac-panama\/#article","isPartOf":{"@id":"https:\/\/icesa.cr\/el-atico-mac-panama\/"},"author":{"name":"admin","@id":"https:\/\/icesa.cr\/en_us\/#\/schema\/person\/5ce175678f89c8b1cf395a2cb2c9af76"},"headline":"El \u00c1tico: Mac Panam\u00e1:","datePublished":"2026-04-24T15:44:37+00:00","dateModified":"2026-04-24T15:49:41+00:00","mainEntityOfPage":{"@id":"https:\/\/icesa.cr\/el-atico-mac-panama\/"},"wordCount":279,"commentCount":0,"publisher":{"@id":"https:\/\/icesa.cr\/en_us\/#organization"},"image":{"@id":"https:\/\/icesa.cr\/el-atico-mac-panama\/#primaryimage"},"thumbnailUrl":"https:\/\/icesa.cr\/wp-content\/uploads\/2026\/04\/WS__RENDER-CONTEXTO_zoom-in.jpg","articleSection":["Uncategorized"],"inLanguage":"de","potentialAction":[{"@type":"CommentAction","name":"Comment","target":["https:\/\/icesa.cr\/el-atico-mac-panama\/#respond"]}]},{"@type":"WebPage","@id":"https:\/\/icesa.cr\/el-atico-mac-panama\/","url":"https:\/\/icesa.cr\/el-atico-mac-panama\/","name":"El \u00c1tico: Mac Panam\u00e1: - Icesa Ingenieros y Arquitectos - Ingenier&iacute;a Ciudad Espacio y Arquitectura","isPartOf":{"@id":"https:\/\/icesa.cr\/en_us\/#website"},"primaryImageOfPage":{"@id":"https:\/\/icesa.cr\/el-atico-mac-panama\/#primaryimage"},"image":{"@id":"https:\/\/icesa.cr\/el-atico-mac-panama\/#primaryimage"},"thumbnailUrl":"https:\/\/icesa.cr\/wp-content\/uploads\/2026\/04\/WS__RENDER-CONTEXTO_zoom-in.jpg","datePublished":"2026-04-24T15:44:37+00:00","dateModified":"2026-04-24T15:49:41+00:00","breadcrumb":{"@id":"https:\/\/icesa.cr\/el-atico-mac-panama\/#breadcrumb"},"inLanguage":"de","potentialAction":[{"@type":"ReadAction","target":["https:\/\/icesa.cr\/el-atico-mac-panama\/"]}]},{"@type":"ImageObject","inLanguage":"de","@id":"https:\/\/icesa.cr\/el-atico-mac-panama\/#primaryimage","url":"https:\/\/icesa.cr\/wp-content\/uploads\/2026\/04\/WS__RENDER-CONTEXTO_zoom-in.jpg","contentUrl":"https:\/\/icesa.cr\/wp-content\/uploads\/2026\/04\/WS__RENDER-CONTEXTO_zoom-in.jpg","width":1920,"height":1440,"caption":"Emplazamiento entre Boca La Caja, el Pac\u00edfico y el tejido de torres de San Francisco."},{"@type":"BreadcrumbList","@id":"https:\/\/icesa.cr\/el-atico-mac-panama\/#breadcrumb","itemListElement":[{"@type":"ListItem","position":1,"name":"Home","item":"https:\/\/icesa.cr\/en_us\/"},{"@type":"ListItem","position":2,"name":"El \u00c1tico: Mac Panam\u00e1:"}]},{"@type":"WebSite","@id":"https:\/\/icesa.cr\/en_us\/#website","url":"https:\/\/icesa.cr\/en_us\/","name":"ICESA Costa Rican Architects for Innovative Architecture","description":"Architekten und Ingenieure in Costa Rica","publisher":{"@id":"https:\/\/icesa.cr\/en_us\/#organization"},"potentialAction":[{"@type":"SearchAction","target":{"@type":"EntryPoint","urlTemplate":"https:\/\/icesa.cr\/en_us\/?s={search_term_string}"},"query-input":{"@type":"PropertyValueSpecification","valueRequired":true,"valueName":"search_term_string"}}],"inLanguage":"de"},{"@type":"Organization","@id":"https:\/\/icesa.cr\/en_us\/#organization","name":"Icesa Ingenieurwesen Stadt Raum und Architektur","url":"https:\/\/icesa.cr\/en_us\/","logo":{"@type":"ImageObject","inLanguage":"de","@id":"https:\/\/icesa.cr\/en_us\/#\/schema\/logo\/image\/","url":"https:\/\/icesa.cr\/wp-content\/uploads\/2023\/06\/Logo-ICESA-Web.jpg","contentUrl":"https:\/\/icesa.cr\/wp-content\/uploads\/2023\/06\/Logo-ICESA-Web.jpg","width":640,"height":640,"caption":"Icesa Ingenier\u00eda Ciudad Espacio y Arquitectura"},"image":{"@id":"https:\/\/icesa.cr\/en_us\/#\/schema\/logo\/image\/"},"sameAs":["https:\/\/www.facebook.com\/icesaarquitectos","https:\/\/www.instagram.com\/icesa_arquitectos\/?hl=en"]},{"@type":"Person","@id":"https:\/\/icesa.cr\/en_us\/#\/schema\/person\/5ce175678f89c8b1cf395a2cb2c9af76","name":"Administrator","image":{"@type":"ImageObject","inLanguage":"de","@id":"https:\/\/secure.gravatar.com\/avatar\/6b76b8d31edcde48cf224b656bd0bdc9e62086e60246e658e8fb7787b72629e1?s=96&d=mm&r=g","url":"https:\/\/secure.gravatar.com\/avatar\/6b76b8d31edcde48cf224b656bd0bdc9e62086e60246e658e8fb7787b72629e1?s=96&d=mm&r=g","contentUrl":"https:\/\/secure.gravatar.com\/avatar\/6b76b8d31edcde48cf224b656bd0bdc9e62086e60246e658e8fb7787b72629e1?s=96&d=mm&r=g","caption":"admin"},"url":"https:\/\/icesa.cr\/de\/author\/admin\/"}]}},"_links":{"self":[{"href":"https:\/\/icesa.cr\/de\/wp-json\/wp\/v2\/posts\/5700","targetHints":{"allow":["GET"]}}],"collection":[{"href":"https:\/\/icesa.cr\/de\/wp-json\/wp\/v2\/posts"}],"about":[{"href":"https:\/\/icesa.cr\/de\/wp-json\/wp\/v2\/types\/post"}],"author":[{"embeddable":true,"href":"https:\/\/icesa.cr\/de\/wp-json\/wp\/v2\/users\/1"}],"replies":[{"embeddable":true,"href":"https:\/\/icesa.cr\/de\/wp-json\/wp\/v2\/comments?post=5700"}],"version-history":[{"count":4,"href":"https:\/\/icesa.cr\/de\/wp-json\/wp\/v2\/posts\/5700\/revisions"}],"predecessor-version":[{"id":5705,"href":"https:\/\/icesa.cr\/de\/wp-json\/wp\/v2\/posts\/5700\/revisions\/5705"}],"wp:featuredmedia":[{"embeddable":true,"href":"https:\/\/icesa.cr\/de\/wp-json\/wp\/v2\/media\/5698"}],"wp:attachment":[{"href":"https:\/\/icesa.cr\/de\/wp-json\/wp\/v2\/media?parent=5700"}],"wp:term":[{"taxonomy":"category","embeddable":true,"href":"https:\/\/icesa.cr\/de\/wp-json\/wp\/v2\/categories?post=5700"},{"taxonomy":"post_tag","embeddable":true,"href":"https:\/\/icesa.cr\/de\/wp-json\/wp\/v2\/tags?post=5700"}],"curies":[{"name":"wp","href":"https:\/\/api.w.org\/{rel}","templated":true}]}}