{"id":4786,"date":"2022-04-01T10:37:00","date_gmt":"2022-04-01T16:37:00","guid":{"rendered":"https:\/\/icesa.cr\/?p=4786"},"modified":"2026-04-13T12:21:46","modified_gmt":"2026-04-13T18:21:46","slug":"sustainable-architecture-lecture-sebastian-alfaro-fuscaldo","status":"publish","type":"post","link":"https:\/\/icesa.cr\/en_us\/sustainable-architecture-lecture-sebastian-alfaro-fuscaldo\/","title":{"rendered":"Sebasti\u00e1n Alfaro Fuscaldo&#8217;s Lecture on Sustainable Architecture"},"content":{"rendered":"\n<p>We invite you to join ICESA&#8217;s Director, Sebasti\u00e1n Alfaro Fuscaldo, as he shares his insights on Sustainable Architecture at the University of Costa Rica. Drawing from his extensive experience and unique architectural perspective, Sebasti\u00e1n will delve into the vital role sustainable design plays in our world today. Follow this riveting discussion on AEDA&#8217;s Facebook and <a href=\"https:\/\/www.instagram.com\/p\/CbtkaA7uERP\/\">Instagram<\/a> pages, becoming a part of the transformative conversation on sustainability. Sebasti\u00e1n&#8217;s lecture is the concluding event in a series of talks featuring renowned Costa Rican architects such as Professor Hern\u00e1n Jim\u00e9nez, Bruno Stagno, and Benjamin Garc\u00eda Saxe. Don&#8217;t miss this opportunity to learn from the leading minds in the field<\/p>\n","protected":false},"excerpt":{"rendered":"<p>We invite you to join ICESA&#8217;s Director, Sebasti\u00e1n Alfaro Fuscaldo, as he shares his insights on Sustainable Architecture at the University of Costa Rica. Drawing from his extensive experience and [&hellip;]<\/p>\n<p><a href=\"https:\/\/icesa.cr\/en_us\/sustainable-architecture-lecture-sebastian-alfaro-fuscaldo\/\" class=\"more-link style2-button\">Read More<\/a><\/p>","protected":false},"author":1,"featured_media":4787,"comment_status":"open","ping_status":"open","sticky":false,"template":"","format":"standard","meta":{"_monsterinsights_skip_tracking":false,"_monsterinsights_sitenote_active":false,"_monsterinsights_sitenote_note":"","_monsterinsights_sitenote_category":0,"footnotes":""},"categories":[1],"tags":[78,77,75,72,74,76,73],"class_list":["post-4786","post","type-post","status-publish","format-standard","has-post-thumbnail","hentry","category-uncategorized","tag-aeda","tag-architecture-lecture","tag-costa-rican-architects","tag-icesa","tag-sebastian-alfaro-fuscaldo","tag-sustainable-architecture","tag-university-of-costa-rica"],"yoast_head":"<!-- This site is optimized with the Yoast SEO Premium plugin v27.4 (Yoast SEO v27.4) - https:\/\/yoast.com\/product\/yoast-seo-premium-wordpress\/ -->\n<title>Sebasti\u00e1n Alfaro Fuscaldo&#039;s Lecture on Sustainable Architecture - Icesa Ingenieros y Arquitectos - Ingenier&iacute;a Ciudad Espacio y Arquitectura<\/title>\n<meta name=\"description\" content=\"ICESA&#039;s Sebasti\u00e1n Alfaro Fuscaldo delivers an engaging lecture on Sustainable Architecture at the University of Costa Rica. Join him online on AEDA&#039;s Facebook and Instagram to learn more about sustainable design practices from one of Costa Rica&#039;s leading architects.\" \/>\n<meta name=\"robots\" content=\"index, follow, max-snippet:-1, max-image-preview:large, max-video-preview:-1\" \/>\n<link rel=\"canonical\" href=\"https:\/\/icesa.cr\/en_us\/sustainable-architecture-lecture-sebastian-alfaro-fuscaldo\/\" \/>\n<meta property=\"og:locale\" content=\"en_US\" \/>\n<meta property=\"og:type\" content=\"article\" \/>\n<meta property=\"og:title\" content=\"Sebasti\u00e1n Alfaro Fuscaldo&#039;s Lecture on Sustainable Architecture\" \/>\n<meta property=\"og:description\" content=\"ICESA&#039;s Sebasti\u00e1n Alfaro Fuscaldo delivers an engaging lecture on Sustainable Architecture at the University of Costa Rica. Join him online on AEDA&#039;s Facebook and Instagram to learn more about sustainable design practices from one of Costa Rica&#039;s leading architects.\" \/>\n<meta property=\"og:url\" content=\"https:\/\/icesa.cr\/en_us\/sustainable-architecture-lecture-sebastian-alfaro-fuscaldo\/\" \/>\n<meta property=\"og:site_name\" content=\"Icesa Ingenieros y Arquitectos - Ingenier&iacute;a Ciudad Espacio y Arquitectura\" \/>\n<meta property=\"article:publisher\" content=\"https:\/\/www.facebook.com\/icesaarquitectos\" \/>\n<meta property=\"article:published_time\" content=\"2022-04-01T16:37:00+00:00\" \/>\n<meta property=\"article:modified_time\" content=\"2026-04-13T18:21:46+00:00\" \/>\n<meta property=\"og:image\" content=\"https:\/\/icesa.cr\/wp-content\/uploads\/2022\/05\/sustainable-architecture-lecture-series-poster-1.jpeg\" \/>\n\t<meta property=\"og:image:width\" content=\"826\" \/>\n\t<meta property=\"og:image:height\" content=\"751\" \/>\n\t<meta property=\"og:image:type\" content=\"image\/jpeg\" \/>\n<meta name=\"author\" content=\"admin\" \/>\n<meta name=\"twitter:card\" content=\"summary_large_image\" \/>\n<meta name=\"twitter:label1\" content=\"Written by\" \/>\n\t<meta name=\"twitter:data1\" content=\"admin\" \/>\n\t<meta name=\"twitter:label2\" content=\"Est. reading time\" \/>\n\t<meta name=\"twitter:data2\" content=\"1 minute\" \/>\n<script type=\"application\/ld+json\" class=\"yoast-schema-graph\">{\"@context\":\"https:\\\/\\\/schema.org\",\"@graph\":[{\"@type\":\"Article\",\"@id\":\"https:\\\/\\\/icesa.cr\\\/sustainable-architecture-lecture-sebastian-alfaro-fuscaldo\\\/#article\",\"isPartOf\":{\"@id\":\"https:\\\/\\\/icesa.cr\\\/sustainable-architecture-lecture-sebastian-alfaro-fuscaldo\\\/\"},\"author\":{\"name\":\"admin\",\"@id\":\"https:\\\/\\\/icesa.cr\\\/en_us\\\/#\\\/schema\\\/person\\\/5ce175678f89c8b1cf395a2cb2c9af76\"},\"headline\":\"Sebasti\u00e1n Alfaro Fuscaldo&#8217;s Lecture on Sustainable Architecture\",\"datePublished\":\"2022-04-01T16:37:00+00:00\",\"dateModified\":\"2026-04-13T18:21:46+00:00\",\"mainEntityOfPage\":{\"@id\":\"https:\\\/\\\/icesa.cr\\\/sustainable-architecture-lecture-sebastian-alfaro-fuscaldo\\\/\"},\"wordCount\":125,\"commentCount\":0,\"publisher\":{\"@id\":\"https:\\\/\\\/icesa.cr\\\/en_us\\\/#organization\"},\"image\":{\"@id\":\"https:\\\/\\\/icesa.cr\\\/sustainable-architecture-lecture-sebastian-alfaro-fuscaldo\\\/#primaryimage\"},\"thumbnailUrl\":\"https:\\\/\\\/icesa.cr\\\/wp-content\\\/uploads\\\/2022\\\/05\\\/sustainable-architecture-lecture-series-poster-1.jpeg\",\"keywords\":[\"AEDA.\",\"Architecture Lecture\",\"Costa Rican Architects\",\"ICESA\",\"Sebasti\u00e1n Alfaro Fuscaldo\",\"Sustainable Architecture\",\"University of Costa Rica\"],\"inLanguage\":\"en-US\",\"potentialAction\":[{\"@type\":\"CommentAction\",\"name\":\"Comment\",\"target\":[\"https:\\\/\\\/icesa.cr\\\/sustainable-architecture-lecture-sebastian-alfaro-fuscaldo\\\/#respond\"]}]},{\"@type\":\"WebPage\",\"@id\":\"https:\\\/\\\/icesa.cr\\\/sustainable-architecture-lecture-sebastian-alfaro-fuscaldo\\\/\",\"url\":\"https:\\\/\\\/icesa.cr\\\/sustainable-architecture-lecture-sebastian-alfaro-fuscaldo\\\/\",\"name\":\"Sebasti\u00e1n Alfaro Fuscaldo's Lecture on Sustainable Architecture - Icesa Ingenieros y Arquitectos - Ingenier&iacute;a Ciudad Espacio y Arquitectura\",\"isPartOf\":{\"@id\":\"https:\\\/\\\/icesa.cr\\\/en_us\\\/#website\"},\"primaryImageOfPage\":{\"@id\":\"https:\\\/\\\/icesa.cr\\\/sustainable-architecture-lecture-sebastian-alfaro-fuscaldo\\\/#primaryimage\"},\"image\":{\"@id\":\"https:\\\/\\\/icesa.cr\\\/sustainable-architecture-lecture-sebastian-alfaro-fuscaldo\\\/#primaryimage\"},\"thumbnailUrl\":\"https:\\\/\\\/icesa.cr\\\/wp-content\\\/uploads\\\/2022\\\/05\\\/sustainable-architecture-lecture-series-poster-1.jpeg\",\"datePublished\":\"2022-04-01T16:37:00+00:00\",\"dateModified\":\"2026-04-13T18:21:46+00:00\",\"description\":\"ICESA's Sebasti\u00e1n Alfaro Fuscaldo delivers an engaging lecture on Sustainable Architecture at the University of Costa Rica. Join him online on AEDA's Facebook and Instagram to learn more about sustainable design practices from one of Costa Rica's leading architects.\",\"breadcrumb\":{\"@id\":\"https:\\\/\\\/icesa.cr\\\/sustainable-architecture-lecture-sebastian-alfaro-fuscaldo\\\/#breadcrumb\"},\"inLanguage\":\"en-US\",\"potentialAction\":[{\"@type\":\"ReadAction\",\"target\":[\"https:\\\/\\\/icesa.cr\\\/sustainable-architecture-lecture-sebastian-alfaro-fuscaldo\\\/\"]}]},{\"@type\":\"ImageObject\",\"inLanguage\":\"en-US\",\"@id\":\"https:\\\/\\\/icesa.cr\\\/sustainable-architecture-lecture-sebastian-alfaro-fuscaldo\\\/#primaryimage\",\"url\":\"https:\\\/\\\/icesa.cr\\\/wp-content\\\/uploads\\\/2022\\\/05\\\/sustainable-architecture-lecture-series-poster-1.jpeg\",\"contentUrl\":\"https:\\\/\\\/icesa.cr\\\/wp-content\\\/uploads\\\/2022\\\/05\\\/sustainable-architecture-lecture-series-poster-1.jpeg\",\"width\":826,\"height\":751,\"caption\":\"Poster for our Sustainable Architecture Lecture series. Don't miss the closing lecture by ICESA's Sebasti\u00e1n Alfaro Fuscaldo\"},{\"@type\":\"BreadcrumbList\",\"@id\":\"https:\\\/\\\/icesa.cr\\\/sustainable-architecture-lecture-sebastian-alfaro-fuscaldo\\\/#breadcrumb\",\"itemListElement\":[{\"@type\":\"ListItem\",\"position\":1,\"name\":\"Home\",\"item\":\"https:\\\/\\\/icesa.cr\\\/en_us\\\/\"},{\"@type\":\"ListItem\",\"position\":2,\"name\":\"Sebasti\u00e1n Alfaro Fuscaldo&#8217;s Lecture on Sustainable Architecture\"}]},{\"@type\":\"WebSite\",\"@id\":\"https:\\\/\\\/icesa.cr\\\/en_us\\\/#website\",\"url\":\"https:\\\/\\\/icesa.cr\\\/en_us\\\/\",\"name\":\"ICESA Costa Rican Architects for Innovative Architecture\",\"description\":\"Architects and Engineers in Costa Rica\",\"publisher\":{\"@id\":\"https:\\\/\\\/icesa.cr\\\/en_us\\\/#organization\"},\"potentialAction\":[{\"@type\":\"SearchAction\",\"target\":{\"@type\":\"EntryPoint\",\"urlTemplate\":\"https:\\\/\\\/icesa.cr\\\/en_us\\\/?s={search_term_string}\"},\"query-input\":{\"@type\":\"PropertyValueSpecification\",\"valueRequired\":true,\"valueName\":\"search_term_string\"}}],\"inLanguage\":\"en-US\"},{\"@type\":\"Organization\",\"@id\":\"https:\\\/\\\/icesa.cr\\\/en_us\\\/#organization\",\"name\":\"Icesa Ingenier\u00eda Ciudad Espacio y Arquitectura\",\"url\":\"https:\\\/\\\/icesa.cr\\\/en_us\\\/\",\"logo\":{\"@type\":\"ImageObject\",\"inLanguage\":\"en-US\",\"@id\":\"https:\\\/\\\/icesa.cr\\\/en_us\\\/#\\\/schema\\\/logo\\\/image\\\/\",\"url\":\"https:\\\/\\\/icesa.cr\\\/wp-content\\\/uploads\\\/2023\\\/06\\\/Logo-ICESA-Web.jpg\",\"contentUrl\":\"https:\\\/\\\/icesa.cr\\\/wp-content\\\/uploads\\\/2023\\\/06\\\/Logo-ICESA-Web.jpg\",\"width\":640,\"height\":640,\"caption\":\"Icesa Ingenier\u00eda Ciudad Espacio y Arquitectura\"},\"image\":{\"@id\":\"https:\\\/\\\/icesa.cr\\\/en_us\\\/#\\\/schema\\\/logo\\\/image\\\/\"},\"sameAs\":[\"https:\\\/\\\/www.facebook.com\\\/icesaarquitectos\",\"https:\\\/\\\/www.instagram.com\\\/icesa_arquitectos\\\/?hl=en\"]},{\"@type\":\"Person\",\"@id\":\"https:\\\/\\\/icesa.cr\\\/en_us\\\/#\\\/schema\\\/person\\\/5ce175678f89c8b1cf395a2cb2c9af76\",\"name\":\"admin\",\"image\":{\"@type\":\"ImageObject\",\"inLanguage\":\"en-US\",\"@id\":\"https:\\\/\\\/secure.gravatar.com\\\/avatar\\\/6b76b8d31edcde48cf224b656bd0bdc9e62086e60246e658e8fb7787b72629e1?s=96&d=mm&r=g\",\"url\":\"https:\\\/\\\/secure.gravatar.com\\\/avatar\\\/6b76b8d31edcde48cf224b656bd0bdc9e62086e60246e658e8fb7787b72629e1?s=96&d=mm&r=g\",\"contentUrl\":\"https:\\\/\\\/secure.gravatar.com\\\/avatar\\\/6b76b8d31edcde48cf224b656bd0bdc9e62086e60246e658e8fb7787b72629e1?s=96&d=mm&r=g\",\"caption\":\"admin\"},\"url\":\"https:\\\/\\\/icesa.cr\\\/en_us\\\/author\\\/admin\\\/\"}]}<\/script>\n<!-- \/ Yoast SEO Premium plugin. -->","yoast_head_json":{"title":"Sebasti\u00e1n Alfaro Fuscaldo's Lecture on Sustainable Architecture - Icesa Ingenieros y Arquitectos - Ingenier&iacute;a Ciudad Espacio y Arquitectura","description":"ICESA's Sebasti\u00e1n Alfaro Fuscaldo delivers an engaging lecture on Sustainable Architecture at the University of Costa Rica. Join him online on AEDA's Facebook and Instagram to learn more about sustainable design practices from one of Costa Rica's leading architects.","robots":{"index":"index","follow":"follow","max-snippet":"max-snippet:-1","max-image-preview":"max-image-preview:large","max-video-preview":"max-video-preview:-1"},"canonical":"https:\/\/icesa.cr\/en_us\/sustainable-architecture-lecture-sebastian-alfaro-fuscaldo\/","og_locale":"en_US","og_type":"article","og_title":"Sebasti\u00e1n Alfaro Fuscaldo's Lecture on Sustainable Architecture","og_description":"ICESA's Sebasti\u00e1n Alfaro Fuscaldo delivers an engaging lecture on Sustainable Architecture at the University of Costa Rica. Join him online on AEDA's Facebook and Instagram to learn more about sustainable design practices from one of Costa Rica's leading architects.","og_url":"https:\/\/icesa.cr\/en_us\/sustainable-architecture-lecture-sebastian-alfaro-fuscaldo\/","og_site_name":"Icesa Ingenieros y Arquitectos - Ingenier&iacute;a Ciudad Espacio y Arquitectura","article_publisher":"https:\/\/www.facebook.com\/icesaarquitectos","article_published_time":"2022-04-01T16:37:00+00:00","article_modified_time":"2026-04-13T18:21:46+00:00","og_image":[{"width":826,"height":751,"url":"https:\/\/icesa.cr\/wp-content\/uploads\/2022\/05\/sustainable-architecture-lecture-series-poster-1.jpeg","type":"image\/jpeg"}],"author":"admin","twitter_card":"summary_large_image","twitter_misc":{"Written by":"admin","Est. reading time":"1 minute"},"schema":{"@context":"https:\/\/schema.org","@graph":[{"@type":"Article","@id":"https:\/\/icesa.cr\/sustainable-architecture-lecture-sebastian-alfaro-fuscaldo\/#article","isPartOf":{"@id":"https:\/\/icesa.cr\/sustainable-architecture-lecture-sebastian-alfaro-fuscaldo\/"},"author":{"name":"admin","@id":"https:\/\/icesa.cr\/en_us\/#\/schema\/person\/5ce175678f89c8b1cf395a2cb2c9af76"},"headline":"Sebasti\u00e1n Alfaro Fuscaldo&#8217;s Lecture on Sustainable Architecture","datePublished":"2022-04-01T16:37:00+00:00","dateModified":"2026-04-13T18:21:46+00:00","mainEntityOfPage":{"@id":"https:\/\/icesa.cr\/sustainable-architecture-lecture-sebastian-alfaro-fuscaldo\/"},"wordCount":125,"commentCount":0,"publisher":{"@id":"https:\/\/icesa.cr\/en_us\/#organization"},"image":{"@id":"https:\/\/icesa.cr\/sustainable-architecture-lecture-sebastian-alfaro-fuscaldo\/#primaryimage"},"thumbnailUrl":"https:\/\/icesa.cr\/wp-content\/uploads\/2022\/05\/sustainable-architecture-lecture-series-poster-1.jpeg","keywords":["AEDA.","Architecture Lecture","Costa Rican Architects","ICESA","Sebasti\u00e1n Alfaro Fuscaldo","Sustainable Architecture","University of Costa Rica"],"inLanguage":"en-US","potentialAction":[{"@type":"CommentAction","name":"Comment","target":["https:\/\/icesa.cr\/sustainable-architecture-lecture-sebastian-alfaro-fuscaldo\/#respond"]}]},{"@type":"WebPage","@id":"https:\/\/icesa.cr\/sustainable-architecture-lecture-sebastian-alfaro-fuscaldo\/","url":"https:\/\/icesa.cr\/sustainable-architecture-lecture-sebastian-alfaro-fuscaldo\/","name":"Sebasti\u00e1n Alfaro Fuscaldo's Lecture on Sustainable Architecture - Icesa Ingenieros y Arquitectos - Ingenier&iacute;a Ciudad Espacio y Arquitectura","isPartOf":{"@id":"https:\/\/icesa.cr\/en_us\/#website"},"primaryImageOfPage":{"@id":"https:\/\/icesa.cr\/sustainable-architecture-lecture-sebastian-alfaro-fuscaldo\/#primaryimage"},"image":{"@id":"https:\/\/icesa.cr\/sustainable-architecture-lecture-sebastian-alfaro-fuscaldo\/#primaryimage"},"thumbnailUrl":"https:\/\/icesa.cr\/wp-content\/uploads\/2022\/05\/sustainable-architecture-lecture-series-poster-1.jpeg","datePublished":"2022-04-01T16:37:00+00:00","dateModified":"2026-04-13T18:21:46+00:00","description":"ICESA's Sebasti\u00e1n Alfaro Fuscaldo delivers an engaging lecture on Sustainable Architecture at the University of Costa Rica. Join him online on AEDA's Facebook and Instagram to learn more about sustainable design practices from one of Costa Rica's leading architects.","breadcrumb":{"@id":"https:\/\/icesa.cr\/sustainable-architecture-lecture-sebastian-alfaro-fuscaldo\/#breadcrumb"},"inLanguage":"en-US","potentialAction":[{"@type":"ReadAction","target":["https:\/\/icesa.cr\/sustainable-architecture-lecture-sebastian-alfaro-fuscaldo\/"]}]},{"@type":"ImageObject","inLanguage":"en-US","@id":"https:\/\/icesa.cr\/sustainable-architecture-lecture-sebastian-alfaro-fuscaldo\/#primaryimage","url":"https:\/\/icesa.cr\/wp-content\/uploads\/2022\/05\/sustainable-architecture-lecture-series-poster-1.jpeg","contentUrl":"https:\/\/icesa.cr\/wp-content\/uploads\/2022\/05\/sustainable-architecture-lecture-series-poster-1.jpeg","width":826,"height":751,"caption":"Poster for our Sustainable Architecture Lecture series. Don't miss the closing lecture by ICESA's Sebasti\u00e1n Alfaro Fuscaldo"},{"@type":"BreadcrumbList","@id":"https:\/\/icesa.cr\/sustainable-architecture-lecture-sebastian-alfaro-fuscaldo\/#breadcrumb","itemListElement":[{"@type":"ListItem","position":1,"name":"Home","item":"https:\/\/icesa.cr\/en_us\/"},{"@type":"ListItem","position":2,"name":"Sebasti\u00e1n Alfaro Fuscaldo&#8217;s Lecture on Sustainable Architecture"}]},{"@type":"WebSite","@id":"https:\/\/icesa.cr\/en_us\/#website","url":"https:\/\/icesa.cr\/en_us\/","name":"ICESA Costa Rican Architects for Innovative Architecture","description":"Architects and Engineers in Costa Rica","publisher":{"@id":"https:\/\/icesa.cr\/en_us\/#organization"},"potentialAction":[{"@type":"SearchAction","target":{"@type":"EntryPoint","urlTemplate":"https:\/\/icesa.cr\/en_us\/?s={search_term_string}"},"query-input":{"@type":"PropertyValueSpecification","valueRequired":true,"valueName":"search_term_string"}}],"inLanguage":"en-US"},{"@type":"Organization","@id":"https:\/\/icesa.cr\/en_us\/#organization","name":"Icesa Ingenier\u00eda Ciudad Espacio y Arquitectura","url":"https:\/\/icesa.cr\/en_us\/","logo":{"@type":"ImageObject","inLanguage":"en-US","@id":"https:\/\/icesa.cr\/en_us\/#\/schema\/logo\/image\/","url":"https:\/\/icesa.cr\/wp-content\/uploads\/2023\/06\/Logo-ICESA-Web.jpg","contentUrl":"https:\/\/icesa.cr\/wp-content\/uploads\/2023\/06\/Logo-ICESA-Web.jpg","width":640,"height":640,"caption":"Icesa Ingenier\u00eda Ciudad Espacio y Arquitectura"},"image":{"@id":"https:\/\/icesa.cr\/en_us\/#\/schema\/logo\/image\/"},"sameAs":["https:\/\/www.facebook.com\/icesaarquitectos","https:\/\/www.instagram.com\/icesa_arquitectos\/?hl=en"]},{"@type":"Person","@id":"https:\/\/icesa.cr\/en_us\/#\/schema\/person\/5ce175678f89c8b1cf395a2cb2c9af76","name":"admin","image":{"@type":"ImageObject","inLanguage":"en-US","@id":"https:\/\/secure.gravatar.com\/avatar\/6b76b8d31edcde48cf224b656bd0bdc9e62086e60246e658e8fb7787b72629e1?s=96&d=mm&r=g","url":"https:\/\/secure.gravatar.com\/avatar\/6b76b8d31edcde48cf224b656bd0bdc9e62086e60246e658e8fb7787b72629e1?s=96&d=mm&r=g","contentUrl":"https:\/\/secure.gravatar.com\/avatar\/6b76b8d31edcde48cf224b656bd0bdc9e62086e60246e658e8fb7787b72629e1?s=96&d=mm&r=g","caption":"admin"},"url":"https:\/\/icesa.cr\/en_us\/author\/admin\/"}]}},"_links":{"self":[{"href":"https:\/\/icesa.cr\/en_us\/wp-json\/wp\/v2\/posts\/4786","targetHints":{"allow":["GET"]}}],"collection":[{"href":"https:\/\/icesa.cr\/en_us\/wp-json\/wp\/v2\/posts"}],"about":[{"href":"https:\/\/icesa.cr\/en_us\/wp-json\/wp\/v2\/types\/post"}],"author":[{"embeddable":true,"href":"https:\/\/icesa.cr\/en_us\/wp-json\/wp\/v2\/users\/1"}],"replies":[{"embeddable":true,"href":"https:\/\/icesa.cr\/en_us\/wp-json\/wp\/v2\/comments?post=4786"}],"version-history":[{"count":8,"href":"https:\/\/icesa.cr\/en_us\/wp-json\/wp\/v2\/posts\/4786\/revisions"}],"predecessor-version":[{"id":5371,"href":"https:\/\/icesa.cr\/en_us\/wp-json\/wp\/v2\/posts\/4786\/revisions\/5371"}],"wp:featuredmedia":[{"embeddable":true,"href":"https:\/\/icesa.cr\/en_us\/wp-json\/wp\/v2\/media\/4787"}],"wp:attachment":[{"href":"https:\/\/icesa.cr\/en_us\/wp-json\/wp\/v2\/media?parent=4786"}],"wp:term":[{"taxonomy":"category","embeddable":true,"href":"https:\/\/icesa.cr\/en_us\/wp-json\/wp\/v2\/categories?post=4786"},{"taxonomy":"post_tag","embeddable":true,"href":"https:\/\/icesa.cr\/en_us\/wp-json\/wp\/v2\/tags?post=4786"}],"curies":[{"name":"wp","href":"https:\/\/api.w.org\/{rel}","templated":true}]}}