{"id":5108,"date":"2024-10-27T17:35:28","date_gmt":"2024-10-27T23:35:28","guid":{"rendered":"https:\/\/icesa.cr\/?p=5108"},"modified":"2026-04-14T16:04:42","modified_gmt":"2026-04-14T22:04:42","slug":"asouna-inauguration-client-video","status":"publish","type":"post","link":"https:\/\/icesa.cr\/en_us\/asouna-inauguration-client-video\/","title":{"rendered":"Discover the Asouna inauguration event in our client\u2019s official video"},"content":{"rendered":"\n<p>Explore the grand inauguration of the completed Asouna building in our client\u2019s official YouTube video<\/p>\n\n\n\n<!--more-->\n\n\n\n<figure class=\"wp-block-embed is-type-video is-provider-youtube wp-block-embed-youtube wp-embed-aspect-16-9 wp-has-aspect-ratio\"><div class=\"wp-block-embed__wrapper\">\n<iframe loading=\"lazy\" title=\"ASOUNA inaugura su edificio propio\" width=\"1160\" height=\"653\" src=\"https:\/\/www.youtube.com\/embed\/CwHt_tG87rA?start=4&#038;feature=oembed\" frameborder=\"0\" allow=\"accelerometer; autoplay; clipboard-write; encrypted-media; gyroscope; picture-in-picture; web-share\" referrerpolicy=\"strict-origin-when-cross-origin\" allowfullscreen><\/iframe>\n<\/div><\/figure>\n","protected":false},"excerpt":{"rendered":"<p>Explore the grand inauguration of the completed Asouna building in our client\u2019s official YouTube video<\/p>\n<p><a href=\"https:\/\/icesa.cr\/en_us\/asouna-inauguration-client-video\/\" class=\"more-link style2-button\">Read More<\/a><\/p>","protected":false},"author":1,"featured_media":5409,"comment_status":"open","ping_status":"open","sticky":false,"template":"","format":"standard","meta":{"_monsterinsights_skip_tracking":false,"_monsterinsights_sitenote_active":false,"_monsterinsights_sitenote_note":"","_monsterinsights_sitenote_category":0,"footnotes":""},"categories":[1],"tags":[],"class_list":["post-5108","post","type-post","status-publish","format-standard","has-post-thumbnail","hentry","category-uncategorized"],"yoast_head":"<!-- This site is optimized with the Yoast SEO Premium plugin v27.4 (Yoast SEO v27.4) - https:\/\/yoast.com\/product\/yoast-seo-premium-wordpress\/ -->\n<title>Discover the Asouna inauguration event in our client\u2019s official video - Icesa Ingenieros y Arquitectos - Ingenier&iacute;a Ciudad Espacio y Arquitectura<\/title>\n<meta name=\"description\" content=\"Explore the grand inauguration of the completed Asouna building in our client\u2019s official YouTube video\" \/>\n<meta name=\"robots\" content=\"index, follow, max-snippet:-1, max-image-preview:large, max-video-preview:-1\" \/>\n<link rel=\"canonical\" href=\"https:\/\/icesa.cr\/en_us\/asouna-inauguration-client-video\/\" \/>\n<meta property=\"og:locale\" content=\"en_US\" \/>\n<meta property=\"og:type\" content=\"article\" \/>\n<meta property=\"og:title\" content=\"Discover the Asouna inauguration event in our client\u2019s official video\" \/>\n<meta property=\"og:description\" content=\"Explore the grand inauguration of the completed Asouna building in our client\u2019s official YouTube video\" \/>\n<meta property=\"og:url\" content=\"https:\/\/icesa.cr\/en_us\/asouna-inauguration-client-video\/\" \/>\n<meta property=\"og:site_name\" content=\"Icesa Ingenieros y Arquitectos - Ingenier&iacute;a Ciudad Espacio y Arquitectura\" \/>\n<meta property=\"article:publisher\" content=\"https:\/\/www.facebook.com\/icesaarquitectos\" \/>\n<meta property=\"article:published_time\" content=\"2024-10-27T23:35:28+00:00\" \/>\n<meta property=\"article:modified_time\" content=\"2026-04-14T22:04:42+00:00\" \/>\n<meta property=\"og:image\" content=\"https:\/\/icesa.cr\/wp-content\/uploads\/2024\/10\/Asouna_Inaguracion_Video.jpg\" \/>\n\t<meta property=\"og:image:width\" content=\"1280\" \/>\n\t<meta property=\"og:image:height\" content=\"718\" \/>\n\t<meta property=\"og:image:type\" content=\"image\/jpeg\" \/>\n<meta name=\"author\" content=\"admin\" \/>\n<meta name=\"twitter:card\" content=\"summary_large_image\" \/>\n<meta name=\"twitter:label1\" content=\"Written by\" \/>\n\t<meta name=\"twitter:data1\" content=\"admin\" \/>\n\t<meta name=\"twitter:label2\" content=\"Est. reading time\" \/>\n\t<meta name=\"twitter:data2\" content=\"1 minute\" \/>\n<script type=\"application\/ld+json\" class=\"yoast-schema-graph\">{\"@context\":\"https:\\\/\\\/schema.org\",\"@graph\":[{\"@type\":\"Article\",\"@id\":\"https:\\\/\\\/icesa.cr\\\/asouna-inauguration-client-video\\\/#article\",\"isPartOf\":{\"@id\":\"https:\\\/\\\/icesa.cr\\\/asouna-inauguration-client-video\\\/\"},\"author\":{\"name\":\"admin\",\"@id\":\"https:\\\/\\\/icesa.cr\\\/en_us\\\/#\\\/schema\\\/person\\\/5ce175678f89c8b1cf395a2cb2c9af76\"},\"headline\":\"Discover the Asouna inauguration event in our client\u2019s official video\",\"datePublished\":\"2024-10-27T23:35:28+00:00\",\"dateModified\":\"2026-04-14T22:04:42+00:00\",\"mainEntityOfPage\":{\"@id\":\"https:\\\/\\\/icesa.cr\\\/asouna-inauguration-client-video\\\/\"},\"wordCount\":39,\"commentCount\":0,\"publisher\":{\"@id\":\"https:\\\/\\\/icesa.cr\\\/en_us\\\/#organization\"},\"image\":{\"@id\":\"https:\\\/\\\/icesa.cr\\\/asouna-inauguration-client-video\\\/#primaryimage\"},\"thumbnailUrl\":\"https:\\\/\\\/icesa.cr\\\/wp-content\\\/uploads\\\/2024\\\/10\\\/Asouna_Inaguracion_Video.jpg\",\"inLanguage\":\"en-US\",\"potentialAction\":[{\"@type\":\"CommentAction\",\"name\":\"Comment\",\"target\":[\"https:\\\/\\\/icesa.cr\\\/asouna-inauguration-client-video\\\/#respond\"]}]},{\"@type\":\"WebPage\",\"@id\":\"https:\\\/\\\/icesa.cr\\\/asouna-inauguration-client-video\\\/\",\"url\":\"https:\\\/\\\/icesa.cr\\\/asouna-inauguration-client-video\\\/\",\"name\":\"Discover the Asouna inauguration event in our client\u2019s official video - Icesa Ingenieros y Arquitectos - Ingenier&iacute;a Ciudad Espacio y Arquitectura\",\"isPartOf\":{\"@id\":\"https:\\\/\\\/icesa.cr\\\/en_us\\\/#website\"},\"primaryImageOfPage\":{\"@id\":\"https:\\\/\\\/icesa.cr\\\/asouna-inauguration-client-video\\\/#primaryimage\"},\"image\":{\"@id\":\"https:\\\/\\\/icesa.cr\\\/asouna-inauguration-client-video\\\/#primaryimage\"},\"thumbnailUrl\":\"https:\\\/\\\/icesa.cr\\\/wp-content\\\/uploads\\\/2024\\\/10\\\/Asouna_Inaguracion_Video.jpg\",\"datePublished\":\"2024-10-27T23:35:28+00:00\",\"dateModified\":\"2026-04-14T22:04:42+00:00\",\"description\":\"Explore the grand inauguration of the completed Asouna building in our client\u2019s official YouTube video\",\"breadcrumb\":{\"@id\":\"https:\\\/\\\/icesa.cr\\\/asouna-inauguration-client-video\\\/#breadcrumb\"},\"inLanguage\":\"en-US\",\"potentialAction\":[{\"@type\":\"ReadAction\",\"target\":[\"https:\\\/\\\/icesa.cr\\\/asouna-inauguration-client-video\\\/\"]}]},{\"@type\":\"ImageObject\",\"inLanguage\":\"en-US\",\"@id\":\"https:\\\/\\\/icesa.cr\\\/asouna-inauguration-client-video\\\/#primaryimage\",\"url\":\"https:\\\/\\\/icesa.cr\\\/wp-content\\\/uploads\\\/2024\\\/10\\\/Asouna_Inaguracion_Video.jpg\",\"contentUrl\":\"https:\\\/\\\/icesa.cr\\\/wp-content\\\/uploads\\\/2024\\\/10\\\/Asouna_Inaguracion_Video.jpg\",\"width\":1280,\"height\":718,\"caption\":\"Inaguraci\u00f3n del Edificio Asouna, durante la conmemoraci\u00f3n de sus 18 a\u00f1os de fundada, la Asociaci\u00f3n Solidarista de Funcionarios de la Universidad Nacional (ASOUNA) inaugur\u00f3 su edificio de 4737 metros cuadrados en la ciudad de Heredia.\"},{\"@type\":\"BreadcrumbList\",\"@id\":\"https:\\\/\\\/icesa.cr\\\/asouna-inauguration-client-video\\\/#breadcrumb\",\"itemListElement\":[{\"@type\":\"ListItem\",\"position\":1,\"name\":\"Home\",\"item\":\"https:\\\/\\\/icesa.cr\\\/en_us\\\/\"},{\"@type\":\"ListItem\",\"position\":2,\"name\":\"Discover the Asouna inauguration event in our client\u2019s official video\"}]},{\"@type\":\"WebSite\",\"@id\":\"https:\\\/\\\/icesa.cr\\\/en_us\\\/#website\",\"url\":\"https:\\\/\\\/icesa.cr\\\/en_us\\\/\",\"name\":\"ICESA Costa Rican Architects for Innovative Architecture\",\"description\":\"Architects and Engineers in Costa Rica\",\"publisher\":{\"@id\":\"https:\\\/\\\/icesa.cr\\\/en_us\\\/#organization\"},\"potentialAction\":[{\"@type\":\"SearchAction\",\"target\":{\"@type\":\"EntryPoint\",\"urlTemplate\":\"https:\\\/\\\/icesa.cr\\\/en_us\\\/?s={search_term_string}\"},\"query-input\":{\"@type\":\"PropertyValueSpecification\",\"valueRequired\":true,\"valueName\":\"search_term_string\"}}],\"inLanguage\":\"en-US\"},{\"@type\":\"Organization\",\"@id\":\"https:\\\/\\\/icesa.cr\\\/en_us\\\/#organization\",\"name\":\"Icesa Ingenier\u00eda Ciudad Espacio y Arquitectura\",\"url\":\"https:\\\/\\\/icesa.cr\\\/en_us\\\/\",\"logo\":{\"@type\":\"ImageObject\",\"inLanguage\":\"en-US\",\"@id\":\"https:\\\/\\\/icesa.cr\\\/en_us\\\/#\\\/schema\\\/logo\\\/image\\\/\",\"url\":\"https:\\\/\\\/icesa.cr\\\/wp-content\\\/uploads\\\/2023\\\/06\\\/Logo-ICESA-Web.jpg\",\"contentUrl\":\"https:\\\/\\\/icesa.cr\\\/wp-content\\\/uploads\\\/2023\\\/06\\\/Logo-ICESA-Web.jpg\",\"width\":640,\"height\":640,\"caption\":\"Icesa Ingenier\u00eda Ciudad Espacio y Arquitectura\"},\"image\":{\"@id\":\"https:\\\/\\\/icesa.cr\\\/en_us\\\/#\\\/schema\\\/logo\\\/image\\\/\"},\"sameAs\":[\"https:\\\/\\\/www.facebook.com\\\/icesaarquitectos\",\"https:\\\/\\\/www.instagram.com\\\/icesa_arquitectos\\\/?hl=en\"]},{\"@type\":\"Person\",\"@id\":\"https:\\\/\\\/icesa.cr\\\/en_us\\\/#\\\/schema\\\/person\\\/5ce175678f89c8b1cf395a2cb2c9af76\",\"name\":\"admin\",\"image\":{\"@type\":\"ImageObject\",\"inLanguage\":\"en-US\",\"@id\":\"https:\\\/\\\/secure.gravatar.com\\\/avatar\\\/6b76b8d31edcde48cf224b656bd0bdc9e62086e60246e658e8fb7787b72629e1?s=96&d=mm&r=g\",\"url\":\"https:\\\/\\\/secure.gravatar.com\\\/avatar\\\/6b76b8d31edcde48cf224b656bd0bdc9e62086e60246e658e8fb7787b72629e1?s=96&d=mm&r=g\",\"contentUrl\":\"https:\\\/\\\/secure.gravatar.com\\\/avatar\\\/6b76b8d31edcde48cf224b656bd0bdc9e62086e60246e658e8fb7787b72629e1?s=96&d=mm&r=g\",\"caption\":\"admin\"},\"url\":\"https:\\\/\\\/icesa.cr\\\/en_us\\\/author\\\/admin\\\/\"}]}<\/script>\n<!-- \/ Yoast SEO Premium plugin. -->","yoast_head_json":{"title":"Discover the Asouna inauguration event in our client\u2019s official video - Icesa Ingenieros y Arquitectos - Ingenier&iacute;a Ciudad Espacio y Arquitectura","description":"Explore the grand inauguration of the completed Asouna building in our client\u2019s official YouTube video","robots":{"index":"index","follow":"follow","max-snippet":"max-snippet:-1","max-image-preview":"max-image-preview:large","max-video-preview":"max-video-preview:-1"},"canonical":"https:\/\/icesa.cr\/en_us\/asouna-inauguration-client-video\/","og_locale":"en_US","og_type":"article","og_title":"Discover the Asouna inauguration event in our client\u2019s official video","og_description":"Explore the grand inauguration of the completed Asouna building in our client\u2019s official YouTube video","og_url":"https:\/\/icesa.cr\/en_us\/asouna-inauguration-client-video\/","og_site_name":"Icesa Ingenieros y Arquitectos - Ingenier&iacute;a Ciudad Espacio y Arquitectura","article_publisher":"https:\/\/www.facebook.com\/icesaarquitectos","article_published_time":"2024-10-27T23:35:28+00:00","article_modified_time":"2026-04-14T22:04:42+00:00","og_image":[{"width":1280,"height":718,"url":"https:\/\/icesa.cr\/wp-content\/uploads\/2024\/10\/Asouna_Inaguracion_Video.jpg","type":"image\/jpeg"}],"author":"admin","twitter_card":"summary_large_image","twitter_misc":{"Written by":"admin","Est. reading time":"1 minute"},"schema":{"@context":"https:\/\/schema.org","@graph":[{"@type":"Article","@id":"https:\/\/icesa.cr\/asouna-inauguration-client-video\/#article","isPartOf":{"@id":"https:\/\/icesa.cr\/asouna-inauguration-client-video\/"},"author":{"name":"admin","@id":"https:\/\/icesa.cr\/en_us\/#\/schema\/person\/5ce175678f89c8b1cf395a2cb2c9af76"},"headline":"Discover the Asouna inauguration event in our client\u2019s official video","datePublished":"2024-10-27T23:35:28+00:00","dateModified":"2026-04-14T22:04:42+00:00","mainEntityOfPage":{"@id":"https:\/\/icesa.cr\/asouna-inauguration-client-video\/"},"wordCount":39,"commentCount":0,"publisher":{"@id":"https:\/\/icesa.cr\/en_us\/#organization"},"image":{"@id":"https:\/\/icesa.cr\/asouna-inauguration-client-video\/#primaryimage"},"thumbnailUrl":"https:\/\/icesa.cr\/wp-content\/uploads\/2024\/10\/Asouna_Inaguracion_Video.jpg","inLanguage":"en-US","potentialAction":[{"@type":"CommentAction","name":"Comment","target":["https:\/\/icesa.cr\/asouna-inauguration-client-video\/#respond"]}]},{"@type":"WebPage","@id":"https:\/\/icesa.cr\/asouna-inauguration-client-video\/","url":"https:\/\/icesa.cr\/asouna-inauguration-client-video\/","name":"Discover the Asouna inauguration event in our client\u2019s official video - Icesa Ingenieros y Arquitectos - Ingenier&iacute;a Ciudad Espacio y Arquitectura","isPartOf":{"@id":"https:\/\/icesa.cr\/en_us\/#website"},"primaryImageOfPage":{"@id":"https:\/\/icesa.cr\/asouna-inauguration-client-video\/#primaryimage"},"image":{"@id":"https:\/\/icesa.cr\/asouna-inauguration-client-video\/#primaryimage"},"thumbnailUrl":"https:\/\/icesa.cr\/wp-content\/uploads\/2024\/10\/Asouna_Inaguracion_Video.jpg","datePublished":"2024-10-27T23:35:28+00:00","dateModified":"2026-04-14T22:04:42+00:00","description":"Explore the grand inauguration of the completed Asouna building in our client\u2019s official YouTube video","breadcrumb":{"@id":"https:\/\/icesa.cr\/asouna-inauguration-client-video\/#breadcrumb"},"inLanguage":"en-US","potentialAction":[{"@type":"ReadAction","target":["https:\/\/icesa.cr\/asouna-inauguration-client-video\/"]}]},{"@type":"ImageObject","inLanguage":"en-US","@id":"https:\/\/icesa.cr\/asouna-inauguration-client-video\/#primaryimage","url":"https:\/\/icesa.cr\/wp-content\/uploads\/2024\/10\/Asouna_Inaguracion_Video.jpg","contentUrl":"https:\/\/icesa.cr\/wp-content\/uploads\/2024\/10\/Asouna_Inaguracion_Video.jpg","width":1280,"height":718,"caption":"Inaguraci\u00f3n del Edificio Asouna, durante la conmemoraci\u00f3n de sus 18 a\u00f1os de fundada, la Asociaci\u00f3n Solidarista de Funcionarios de la Universidad Nacional (ASOUNA) inaugur\u00f3 su edificio de 4737 metros cuadrados en la ciudad de Heredia."},{"@type":"BreadcrumbList","@id":"https:\/\/icesa.cr\/asouna-inauguration-client-video\/#breadcrumb","itemListElement":[{"@type":"ListItem","position":1,"name":"Home","item":"https:\/\/icesa.cr\/en_us\/"},{"@type":"ListItem","position":2,"name":"Discover the Asouna inauguration event in our client\u2019s official video"}]},{"@type":"WebSite","@id":"https:\/\/icesa.cr\/en_us\/#website","url":"https:\/\/icesa.cr\/en_us\/","name":"ICESA Costa Rican Architects for Innovative Architecture","description":"Architects and Engineers in Costa Rica","publisher":{"@id":"https:\/\/icesa.cr\/en_us\/#organization"},"potentialAction":[{"@type":"SearchAction","target":{"@type":"EntryPoint","urlTemplate":"https:\/\/icesa.cr\/en_us\/?s={search_term_string}"},"query-input":{"@type":"PropertyValueSpecification","valueRequired":true,"valueName":"search_term_string"}}],"inLanguage":"en-US"},{"@type":"Organization","@id":"https:\/\/icesa.cr\/en_us\/#organization","name":"Icesa Ingenier\u00eda Ciudad Espacio y Arquitectura","url":"https:\/\/icesa.cr\/en_us\/","logo":{"@type":"ImageObject","inLanguage":"en-US","@id":"https:\/\/icesa.cr\/en_us\/#\/schema\/logo\/image\/","url":"https:\/\/icesa.cr\/wp-content\/uploads\/2023\/06\/Logo-ICESA-Web.jpg","contentUrl":"https:\/\/icesa.cr\/wp-content\/uploads\/2023\/06\/Logo-ICESA-Web.jpg","width":640,"height":640,"caption":"Icesa Ingenier\u00eda Ciudad Espacio y Arquitectura"},"image":{"@id":"https:\/\/icesa.cr\/en_us\/#\/schema\/logo\/image\/"},"sameAs":["https:\/\/www.facebook.com\/icesaarquitectos","https:\/\/www.instagram.com\/icesa_arquitectos\/?hl=en"]},{"@type":"Person","@id":"https:\/\/icesa.cr\/en_us\/#\/schema\/person\/5ce175678f89c8b1cf395a2cb2c9af76","name":"admin","image":{"@type":"ImageObject","inLanguage":"en-US","@id":"https:\/\/secure.gravatar.com\/avatar\/6b76b8d31edcde48cf224b656bd0bdc9e62086e60246e658e8fb7787b72629e1?s=96&d=mm&r=g","url":"https:\/\/secure.gravatar.com\/avatar\/6b76b8d31edcde48cf224b656bd0bdc9e62086e60246e658e8fb7787b72629e1?s=96&d=mm&r=g","contentUrl":"https:\/\/secure.gravatar.com\/avatar\/6b76b8d31edcde48cf224b656bd0bdc9e62086e60246e658e8fb7787b72629e1?s=96&d=mm&r=g","caption":"admin"},"url":"https:\/\/icesa.cr\/en_us\/author\/admin\/"}]}},"_links":{"self":[{"href":"https:\/\/icesa.cr\/en_us\/wp-json\/wp\/v2\/posts\/5108","targetHints":{"allow":["GET"]}}],"collection":[{"href":"https:\/\/icesa.cr\/en_us\/wp-json\/wp\/v2\/posts"}],"about":[{"href":"https:\/\/icesa.cr\/en_us\/wp-json\/wp\/v2\/types\/post"}],"author":[{"embeddable":true,"href":"https:\/\/icesa.cr\/en_us\/wp-json\/wp\/v2\/users\/1"}],"replies":[{"embeddable":true,"href":"https:\/\/icesa.cr\/en_us\/wp-json\/wp\/v2\/comments?post=5108"}],"version-history":[{"count":5,"href":"https:\/\/icesa.cr\/en_us\/wp-json\/wp\/v2\/posts\/5108\/revisions"}],"predecessor-version":[{"id":5411,"href":"https:\/\/icesa.cr\/en_us\/wp-json\/wp\/v2\/posts\/5108\/revisions\/5411"}],"wp:featuredmedia":[{"embeddable":true,"href":"https:\/\/icesa.cr\/en_us\/wp-json\/wp\/v2\/media\/5409"}],"wp:attachment":[{"href":"https:\/\/icesa.cr\/en_us\/wp-json\/wp\/v2\/media?parent=5108"}],"wp:term":[{"taxonomy":"category","embeddable":true,"href":"https:\/\/icesa.cr\/en_us\/wp-json\/wp\/v2\/categories?post=5108"},{"taxonomy":"post_tag","embeddable":true,"href":"https:\/\/icesa.cr\/en_us\/wp-json\/wp\/v2\/tags?post=5108"}],"curies":[{"name":"wp","href":"https:\/\/api.w.org\/{rel}","templated":true}]}}