{"id":3686,"date":"2016-05-07T21:40:13","date_gmt":"2016-05-07T21:40:13","guid":{"rendered":"http:\/\/icesa.net\/?p=3686"},"modified":"2017-03-02T22:48:59","modified_gmt":"2017-03-02T22:48:59","slug":"franz-beer-won-the-costa-rican-architecture-prize-for-2016","status":"publish","type":"post","link":"https:\/\/icesa.cr\/es\/franz-beer-won-the-costa-rican-architecture-prize-for-2016\/","title":{"rendered":"Franz Beer gan\u00f3 el Premio de Arquitectura de Costa Rica para 2016"},"content":{"rendered":"<p>Hoy nuestro presidente Franz Beer Chaverri tiene <a href=\"https:\/\/www.facebook.com\/CACRarquitectos\/posts\/1182664151765679:0\">Gan\u00f3 el premio Jos\u00e9 Mar\u00eda Barrantes.<\/a> En reconocimiento a su calidad de trabajo. El arquitecto Rolando Barahona-Sotela, como presidente del jurado, hizo el anuncio en la ceremonia de clausura de la Bienal de Costa Rica 2016.<\/p>\n<p>&nbsp;<\/p>","protected":false},"excerpt":{"rendered":"<p>Today our president Franz Beer Chaverri have won the Jose Mar\u00eda Barrantes Award in recognition of\u00a0his work quality. Architect Rolando Barahona-Sotela -as president of the jury made the announcement in [&hellip;]<\/p>\n<p><a href=\"https:\/\/icesa.cr\/es\/franz-beer-won-the-costa-rican-architecture-prize-for-2016\/\" class=\"more-link style2-button\">Read More<\/a><\/p>","protected":false},"author":1,"featured_media":3687,"comment_status":"open","ping_status":"open","sticky":false,"template":"","format":"standard","meta":{"_monsterinsights_skip_tracking":false,"_monsterinsights_sitenote_active":false,"_monsterinsights_sitenote_note":"","_monsterinsights_sitenote_category":0,"footnotes":""},"categories":[1],"tags":[],"class_list":["post-3686","post","type-post","status-publish","format-standard","has-post-thumbnail","hentry","category-uncategorized"],"yoast_head":"<!-- This site is optimized with the Yoast SEO Premium plugin v27.4 (Yoast SEO v27.4) - https:\/\/yoast.com\/product\/yoast-seo-premium-wordpress\/ -->\n<title>Franz Beer won the Costa Rican Architecture Prize for 2016 - Icesa Ingenieros y Arquitectos - Ingenier&iacute;a Ciudad Espacio y Arquitectura<\/title>\n<meta name=\"robots\" content=\"index, follow, max-snippet:-1, max-image-preview:large, max-video-preview:-1\" \/>\n<link rel=\"canonical\" href=\"http:\/\/icesa.cr\/es\/franz-beer-won-the-costa-rican-architecture-prize-for-2016\/\" \/>\n<meta property=\"og:locale\" content=\"es_ES\" \/>\n<meta property=\"og:type\" content=\"article\" \/>\n<meta property=\"og:title\" content=\"Franz Beer won the Costa Rican Architecture Prize for 2016\" \/>\n<meta property=\"og:description\" content=\"Today our president Franz Beer Chaverri have won the Jose Mar\u00eda Barrantes Award in recognition of\u00a0his work quality. Architect Rolando Barahona-Sotela -as president of the jury made the announcement in [&hellip;]\" \/>\n<meta property=\"og:url\" content=\"http:\/\/icesa.cr\/es\/franz-beer-won-the-costa-rican-architecture-prize-for-2016\/\" \/>\n<meta property=\"og:site_name\" content=\"Icesa Ingenieros y Arquitectos - Ingenier&iacute;a Ciudad Espacio y Arquitectura\" \/>\n<meta property=\"article:publisher\" content=\"https:\/\/www.facebook.com\/icesaarquitectos\" \/>\n<meta property=\"article:published_time\" content=\"2016-05-07T21:40:13+00:00\" \/>\n<meta property=\"article:modified_time\" content=\"2017-03-02T22:48:59+00:00\" \/>\n<meta property=\"og:image\" content=\"https:\/\/icesa.cr\/wp-content\/uploads\/2017\/03\/Bienal_Costa-Rica_Premio_Franz-Beer.jpg\" \/>\n\t<meta property=\"og:image:width\" content=\"960\" \/>\n\t<meta property=\"og:image:height\" content=\"960\" \/>\n\t<meta property=\"og:image:type\" content=\"image\/jpeg\" \/>\n<meta name=\"author\" content=\"admin\" \/>\n<meta name=\"twitter:card\" content=\"summary_large_image\" \/>\n<meta name=\"twitter:label1\" content=\"Written by\" \/>\n\t<meta name=\"twitter:data1\" content=\"admin\" \/>\n<script type=\"application\/ld+json\" class=\"yoast-schema-graph\">{\"@context\":\"https:\\\/\\\/schema.org\",\"@graph\":[{\"@type\":\"Article\",\"@id\":\"http:\\\/\\\/icesa.cr\\\/en_us\\\/franz-beer-won-the-costa-rican-architecture-prize-for-2016\\\/#article\",\"isPartOf\":{\"@id\":\"http:\\\/\\\/icesa.cr\\\/en_us\\\/franz-beer-won-the-costa-rican-architecture-prize-for-2016\\\/\"},\"author\":{\"name\":\"admin\",\"@id\":\"https:\\\/\\\/icesa.cr\\\/en_us\\\/#\\\/schema\\\/person\\\/5ce175678f89c8b1cf395a2cb2c9af76\"},\"headline\":\"Franz Beer won the Costa Rican Architecture Prize for 2016\",\"datePublished\":\"2016-05-07T21:40:13+00:00\",\"dateModified\":\"2017-03-02T22:48:59+00:00\",\"mainEntityOfPage\":{\"@id\":\"http:\\\/\\\/icesa.cr\\\/en_us\\\/franz-beer-won-the-costa-rican-architecture-prize-for-2016\\\/\"},\"wordCount\":50,\"commentCount\":0,\"publisher\":{\"@id\":\"https:\\\/\\\/icesa.cr\\\/en_us\\\/#organization\"},\"image\":{\"@id\":\"http:\\\/\\\/icesa.cr\\\/en_us\\\/franz-beer-won-the-costa-rican-architecture-prize-for-2016\\\/#primaryimage\"},\"thumbnailUrl\":\"https:\\\/\\\/icesa.cr\\\/wp-content\\\/uploads\\\/2017\\\/03\\\/Bienal_Costa-Rica_Premio_Franz-Beer.jpg\",\"articleSection\":[\"Uncategorized\"],\"inLanguage\":\"es-CR\",\"potentialAction\":[{\"@type\":\"CommentAction\",\"name\":\"Comment\",\"target\":[\"http:\\\/\\\/icesa.cr\\\/en_us\\\/franz-beer-won-the-costa-rican-architecture-prize-for-2016\\\/#respond\"]}]},{\"@type\":\"WebPage\",\"@id\":\"http:\\\/\\\/icesa.cr\\\/en_us\\\/franz-beer-won-the-costa-rican-architecture-prize-for-2016\\\/\",\"url\":\"http:\\\/\\\/icesa.cr\\\/en_us\\\/franz-beer-won-the-costa-rican-architecture-prize-for-2016\\\/\",\"name\":\"Franz Beer won the Costa Rican Architecture Prize for 2016 - Icesa Ingenieros y Arquitectos - Ingenier&iacute;a Ciudad Espacio y Arquitectura\",\"isPartOf\":{\"@id\":\"https:\\\/\\\/icesa.cr\\\/en_us\\\/#website\"},\"primaryImageOfPage\":{\"@id\":\"http:\\\/\\\/icesa.cr\\\/en_us\\\/franz-beer-won-the-costa-rican-architecture-prize-for-2016\\\/#primaryimage\"},\"image\":{\"@id\":\"http:\\\/\\\/icesa.cr\\\/en_us\\\/franz-beer-won-the-costa-rican-architecture-prize-for-2016\\\/#primaryimage\"},\"thumbnailUrl\":\"https:\\\/\\\/icesa.cr\\\/wp-content\\\/uploads\\\/2017\\\/03\\\/Bienal_Costa-Rica_Premio_Franz-Beer.jpg\",\"datePublished\":\"2016-05-07T21:40:13+00:00\",\"dateModified\":\"2017-03-02T22:48:59+00:00\",\"breadcrumb\":{\"@id\":\"http:\\\/\\\/icesa.cr\\\/en_us\\\/franz-beer-won-the-costa-rican-architecture-prize-for-2016\\\/#breadcrumb\"},\"inLanguage\":\"es-CR\",\"potentialAction\":[{\"@type\":\"ReadAction\",\"target\":[\"http:\\\/\\\/icesa.cr\\\/en_us\\\/franz-beer-won-the-costa-rican-architecture-prize-for-2016\\\/\"]}]},{\"@type\":\"ImageObject\",\"inLanguage\":\"es-CR\",\"@id\":\"http:\\\/\\\/icesa.cr\\\/en_us\\\/franz-beer-won-the-costa-rican-architecture-prize-for-2016\\\/#primaryimage\",\"url\":\"https:\\\/\\\/icesa.cr\\\/wp-content\\\/uploads\\\/2017\\\/03\\\/Bienal_Costa-Rica_Premio_Franz-Beer.jpg\",\"contentUrl\":\"https:\\\/\\\/icesa.cr\\\/wp-content\\\/uploads\\\/2017\\\/03\\\/Bienal_Costa-Rica_Premio_Franz-Beer.jpg\",\"width\":960,\"height\":960},{\"@type\":\"BreadcrumbList\",\"@id\":\"http:\\\/\\\/icesa.cr\\\/en_us\\\/franz-beer-won-the-costa-rican-architecture-prize-for-2016\\\/#breadcrumb\",\"itemListElement\":[{\"@type\":\"ListItem\",\"position\":1,\"name\":\"Home\",\"item\":\"https:\\\/\\\/icesa.cr\\\/en_us\\\/\"},{\"@type\":\"ListItem\",\"position\":2,\"name\":\"Franz Beer won the Costa Rican Architecture Prize for 2016\"}]},{\"@type\":\"WebSite\",\"@id\":\"https:\\\/\\\/icesa.cr\\\/en_us\\\/#website\",\"url\":\"https:\\\/\\\/icesa.cr\\\/en_us\\\/\",\"name\":\"ICESA Costa Rican Architects for Innovative Architecture\",\"description\":\"Architects and Engineers in Costa Rica\",\"publisher\":{\"@id\":\"https:\\\/\\\/icesa.cr\\\/en_us\\\/#organization\"},\"potentialAction\":[{\"@type\":\"SearchAction\",\"target\":{\"@type\":\"EntryPoint\",\"urlTemplate\":\"https:\\\/\\\/icesa.cr\\\/en_us\\\/?s={search_term_string}\"},\"query-input\":{\"@type\":\"PropertyValueSpecification\",\"valueRequired\":true,\"valueName\":\"search_term_string\"}}],\"inLanguage\":\"es-CR\"},{\"@type\":\"Organization\",\"@id\":\"https:\\\/\\\/icesa.cr\\\/en_us\\\/#organization\",\"name\":\"Icesa Ingenier\u00eda Ciudad Espacio y Arquitectura\",\"url\":\"https:\\\/\\\/icesa.cr\\\/en_us\\\/\",\"logo\":{\"@type\":\"ImageObject\",\"inLanguage\":\"es-CR\",\"@id\":\"https:\\\/\\\/icesa.cr\\\/en_us\\\/#\\\/schema\\\/logo\\\/image\\\/\",\"url\":\"https:\\\/\\\/icesa.cr\\\/wp-content\\\/uploads\\\/2023\\\/06\\\/Logo-ICESA-Web.jpg\",\"contentUrl\":\"https:\\\/\\\/icesa.cr\\\/wp-content\\\/uploads\\\/2023\\\/06\\\/Logo-ICESA-Web.jpg\",\"width\":640,\"height\":640,\"caption\":\"Icesa Ingenier\u00eda Ciudad Espacio y Arquitectura\"},\"image\":{\"@id\":\"https:\\\/\\\/icesa.cr\\\/en_us\\\/#\\\/schema\\\/logo\\\/image\\\/\"},\"sameAs\":[\"https:\\\/\\\/www.facebook.com\\\/icesaarquitectos\",\"https:\\\/\\\/www.instagram.com\\\/icesa_arquitectos\\\/?hl=en\"]},{\"@type\":\"Person\",\"@id\":\"https:\\\/\\\/icesa.cr\\\/en_us\\\/#\\\/schema\\\/person\\\/5ce175678f89c8b1cf395a2cb2c9af76\",\"name\":\"admin\",\"image\":{\"@type\":\"ImageObject\",\"inLanguage\":\"es-CR\",\"@id\":\"https:\\\/\\\/secure.gravatar.com\\\/avatar\\\/6b76b8d31edcde48cf224b656bd0bdc9e62086e60246e658e8fb7787b72629e1?s=96&d=mm&r=g\",\"url\":\"https:\\\/\\\/secure.gravatar.com\\\/avatar\\\/6b76b8d31edcde48cf224b656bd0bdc9e62086e60246e658e8fb7787b72629e1?s=96&d=mm&r=g\",\"contentUrl\":\"https:\\\/\\\/secure.gravatar.com\\\/avatar\\\/6b76b8d31edcde48cf224b656bd0bdc9e62086e60246e658e8fb7787b72629e1?s=96&d=mm&r=g\",\"caption\":\"admin\"},\"url\":\"https:\\\/\\\/icesa.cr\\\/es\\\/author\\\/admin\\\/\"}]}<\/script>\n<!-- \/ Yoast SEO Premium plugin. -->","yoast_head_json":{"title":"Franz Beer won the Costa Rican Architecture Prize for 2016 - Icesa Ingenieros y Arquitectos - Ingenier&iacute;a Ciudad Espacio y Arquitectura","robots":{"index":"index","follow":"follow","max-snippet":"max-snippet:-1","max-image-preview":"max-image-preview:large","max-video-preview":"max-video-preview:-1"},"canonical":"http:\/\/icesa.cr\/es\/franz-beer-won-the-costa-rican-architecture-prize-for-2016\/","og_locale":"es_ES","og_type":"article","og_title":"Franz Beer won the Costa Rican Architecture Prize for 2016","og_description":"Today our president Franz Beer Chaverri have won the Jose Mar\u00eda Barrantes Award in recognition of\u00a0his work quality. Architect Rolando Barahona-Sotela -as president of the jury made the announcement in [&hellip;]","og_url":"http:\/\/icesa.cr\/es\/franz-beer-won-the-costa-rican-architecture-prize-for-2016\/","og_site_name":"Icesa Ingenieros y Arquitectos - Ingenier&iacute;a Ciudad Espacio y Arquitectura","article_publisher":"https:\/\/www.facebook.com\/icesaarquitectos","article_published_time":"2016-05-07T21:40:13+00:00","article_modified_time":"2017-03-02T22:48:59+00:00","og_image":[{"width":960,"height":960,"url":"https:\/\/icesa.cr\/wp-content\/uploads\/2017\/03\/Bienal_Costa-Rica_Premio_Franz-Beer.jpg","type":"image\/jpeg"}],"author":"admin","twitter_card":"summary_large_image","twitter_misc":{"Written by":"admin"},"schema":{"@context":"https:\/\/schema.org","@graph":[{"@type":"Article","@id":"http:\/\/icesa.cr\/en_us\/franz-beer-won-the-costa-rican-architecture-prize-for-2016\/#article","isPartOf":{"@id":"http:\/\/icesa.cr\/en_us\/franz-beer-won-the-costa-rican-architecture-prize-for-2016\/"},"author":{"name":"admin","@id":"https:\/\/icesa.cr\/en_us\/#\/schema\/person\/5ce175678f89c8b1cf395a2cb2c9af76"},"headline":"Franz Beer won the Costa Rican Architecture Prize for 2016","datePublished":"2016-05-07T21:40:13+00:00","dateModified":"2017-03-02T22:48:59+00:00","mainEntityOfPage":{"@id":"http:\/\/icesa.cr\/en_us\/franz-beer-won-the-costa-rican-architecture-prize-for-2016\/"},"wordCount":50,"commentCount":0,"publisher":{"@id":"https:\/\/icesa.cr\/en_us\/#organization"},"image":{"@id":"http:\/\/icesa.cr\/en_us\/franz-beer-won-the-costa-rican-architecture-prize-for-2016\/#primaryimage"},"thumbnailUrl":"https:\/\/icesa.cr\/wp-content\/uploads\/2017\/03\/Bienal_Costa-Rica_Premio_Franz-Beer.jpg","articleSection":["Uncategorized"],"inLanguage":"es-CR","potentialAction":[{"@type":"CommentAction","name":"Comment","target":["http:\/\/icesa.cr\/en_us\/franz-beer-won-the-costa-rican-architecture-prize-for-2016\/#respond"]}]},{"@type":"WebPage","@id":"http:\/\/icesa.cr\/en_us\/franz-beer-won-the-costa-rican-architecture-prize-for-2016\/","url":"http:\/\/icesa.cr\/en_us\/franz-beer-won-the-costa-rican-architecture-prize-for-2016\/","name":"Franz Beer won the Costa Rican Architecture Prize for 2016 - Icesa Ingenieros y Arquitectos - Ingenier&iacute;a Ciudad Espacio y Arquitectura","isPartOf":{"@id":"https:\/\/icesa.cr\/en_us\/#website"},"primaryImageOfPage":{"@id":"http:\/\/icesa.cr\/en_us\/franz-beer-won-the-costa-rican-architecture-prize-for-2016\/#primaryimage"},"image":{"@id":"http:\/\/icesa.cr\/en_us\/franz-beer-won-the-costa-rican-architecture-prize-for-2016\/#primaryimage"},"thumbnailUrl":"https:\/\/icesa.cr\/wp-content\/uploads\/2017\/03\/Bienal_Costa-Rica_Premio_Franz-Beer.jpg","datePublished":"2016-05-07T21:40:13+00:00","dateModified":"2017-03-02T22:48:59+00:00","breadcrumb":{"@id":"http:\/\/icesa.cr\/en_us\/franz-beer-won-the-costa-rican-architecture-prize-for-2016\/#breadcrumb"},"inLanguage":"es-CR","potentialAction":[{"@type":"ReadAction","target":["http:\/\/icesa.cr\/en_us\/franz-beer-won-the-costa-rican-architecture-prize-for-2016\/"]}]},{"@type":"ImageObject","inLanguage":"es-CR","@id":"http:\/\/icesa.cr\/en_us\/franz-beer-won-the-costa-rican-architecture-prize-for-2016\/#primaryimage","url":"https:\/\/icesa.cr\/wp-content\/uploads\/2017\/03\/Bienal_Costa-Rica_Premio_Franz-Beer.jpg","contentUrl":"https:\/\/icesa.cr\/wp-content\/uploads\/2017\/03\/Bienal_Costa-Rica_Premio_Franz-Beer.jpg","width":960,"height":960},{"@type":"BreadcrumbList","@id":"http:\/\/icesa.cr\/en_us\/franz-beer-won-the-costa-rican-architecture-prize-for-2016\/#breadcrumb","itemListElement":[{"@type":"ListItem","position":1,"name":"Home","item":"https:\/\/icesa.cr\/en_us\/"},{"@type":"ListItem","position":2,"name":"Franz Beer won the Costa Rican Architecture Prize for 2016"}]},{"@type":"WebSite","@id":"https:\/\/icesa.cr\/en_us\/#website","url":"https:\/\/icesa.cr\/en_us\/","name":"ICESA: Arquitectos costarricenses dedicados a la arquitectura innovadora","description":"Arquitectos e Ingenieros en Costa Rica","publisher":{"@id":"https:\/\/icesa.cr\/en_us\/#organization"},"potentialAction":[{"@type":"SearchAction","target":{"@type":"EntryPoint","urlTemplate":"https:\/\/icesa.cr\/en_us\/?s={search_term_string}"},"query-input":{"@type":"PropertyValueSpecification","valueRequired":true,"valueName":"search_term_string"}}],"inLanguage":"es-CR"},{"@type":"Organization","@id":"https:\/\/icesa.cr\/en_us\/#organization","name":"Icesa Ingenier\u00eda Ciudad Espacio y Arquitectura","url":"https:\/\/icesa.cr\/en_us\/","logo":{"@type":"ImageObject","inLanguage":"es-CR","@id":"https:\/\/icesa.cr\/en_us\/#\/schema\/logo\/image\/","url":"https:\/\/icesa.cr\/wp-content\/uploads\/2023\/06\/Logo-ICESA-Web.jpg","contentUrl":"https:\/\/icesa.cr\/wp-content\/uploads\/2023\/06\/Logo-ICESA-Web.jpg","width":640,"height":640,"caption":"Icesa Ingenier\u00eda Ciudad Espacio y Arquitectura"},"image":{"@id":"https:\/\/icesa.cr\/en_us\/#\/schema\/logo\/image\/"},"sameAs":["https:\/\/www.facebook.com\/icesaarquitectos","https:\/\/www.instagram.com\/icesa_arquitectos\/?hl=en"]},{"@type":"Person","@id":"https:\/\/icesa.cr\/en_us\/#\/schema\/person\/5ce175678f89c8b1cf395a2cb2c9af76","name":"administraci\u00f3n","image":{"@type":"ImageObject","inLanguage":"es-CR","@id":"https:\/\/secure.gravatar.com\/avatar\/6b76b8d31edcde48cf224b656bd0bdc9e62086e60246e658e8fb7787b72629e1?s=96&d=mm&r=g","url":"https:\/\/secure.gravatar.com\/avatar\/6b76b8d31edcde48cf224b656bd0bdc9e62086e60246e658e8fb7787b72629e1?s=96&d=mm&r=g","contentUrl":"https:\/\/secure.gravatar.com\/avatar\/6b76b8d31edcde48cf224b656bd0bdc9e62086e60246e658e8fb7787b72629e1?s=96&d=mm&r=g","caption":"admin"},"url":"https:\/\/icesa.cr\/es\/author\/admin\/"}]}},"_links":{"self":[{"href":"https:\/\/icesa.cr\/es\/wp-json\/wp\/v2\/posts\/3686","targetHints":{"allow":["GET"]}}],"collection":[{"href":"https:\/\/icesa.cr\/es\/wp-json\/wp\/v2\/posts"}],"about":[{"href":"https:\/\/icesa.cr\/es\/wp-json\/wp\/v2\/types\/post"}],"author":[{"embeddable":true,"href":"https:\/\/icesa.cr\/es\/wp-json\/wp\/v2\/users\/1"}],"replies":[{"embeddable":true,"href":"https:\/\/icesa.cr\/es\/wp-json\/wp\/v2\/comments?post=3686"}],"version-history":[{"count":6,"href":"https:\/\/icesa.cr\/es\/wp-json\/wp\/v2\/posts\/3686\/revisions"}],"predecessor-version":[{"id":3724,"href":"https:\/\/icesa.cr\/es\/wp-json\/wp\/v2\/posts\/3686\/revisions\/3724"}],"wp:featuredmedia":[{"embeddable":true,"href":"https:\/\/icesa.cr\/es\/wp-json\/wp\/v2\/media\/3687"}],"wp:attachment":[{"href":"https:\/\/icesa.cr\/es\/wp-json\/wp\/v2\/media?parent=3686"}],"wp:term":[{"taxonomy":"category","embeddable":true,"href":"https:\/\/icesa.cr\/es\/wp-json\/wp\/v2\/categories?post=3686"},{"taxonomy":"post_tag","embeddable":true,"href":"https:\/\/icesa.cr\/es\/wp-json\/wp\/v2\/tags?post=3686"}],"curies":[{"name":"la hora de","href":"https:\/\/api.w.org\/{rel}","templated":true}]}}