{"id":5700,"date":"2026-04-24T09:44:37","date_gmt":"2026-04-24T15:44:37","guid":{"rendered":"https:\/\/icesa.cr\/?p=5700"},"modified":"2026-04-24T09:49:41","modified_gmt":"2026-04-24T15:49:41","slug":"el-atico-mac-panama","status":"publish","type":"post","link":"https:\/\/icesa.cr\/es\/el-atico-mac-panama\/","title":{"rendered":"El \u00c1tico: Mac Panam\u00e1:"},"content":{"rendered":"<h6 class=\"wp-block-heading\" id=\"h-notes-on-a-museum-and-the-city\"><strong>Notas sobre un museo y la ciudad<\/strong><\/h6>\n\n\n\n<p class=\"translation-block\"><a href=\"https:\/\/icesa.cr\/es\/portafolio\/mac-panama-el-atico\/\" target=\"_self\">Nuestra propuesta<\/a> para el nuevo <a href=\"https:\/\/macpanama.org\" target=\"_self\">Museo de Arte Contempor\u00e1neo de Panam\u00e1<\/a> parte de una premisa simple: el museo no debe concebirse como un objeto, sino como un lugar dentro de la ciudad.<\/p>\n\n\n\n<p>El sitio se sit\u00faa entre condiciones urbanas contrastantes: la comunidad pesquera de Boca La Caja, el distrito en expansi\u00f3n de San Francisco, campus institucionales y desarrollos comerciales de gran escala. En este contexto fragmentado, el proyecto establece un locus c\u00edvico al priorizar el suelo.<\/p>\n\n\n\n<p class=\"translation-block\">La esquina del lote \u2014su punto m\u00e1s visible y accesible\u2014 se libera como un espacio p\u00fablico sombreado: Atrio Arte, una plaza cubierta abierta sin boleto. En el clima tropical de Panam\u00e1, la sombra no es un complemento, sino una condici\u00f3n previa para la vida colectiva. La plaza no es un espacio residual; es el acto arquitect\u00f3nico primario. El museo se organiza por encima.<\/p>\n\n\n\n<!--more-->\n\n\n\n<p>El proyecto opera a trav\u00e9s de la secci\u00f3n m\u00e1s que de la imagen. Una base continua \u2014construida sobre la losa de cimentaci\u00f3n existente\u2014 absorbe el programa t\u00e9cnico y de servicio. Por encima, un volumen expositivo sin columnas se eleva y se define mediante luz cenital indirecta, envuelto en una envolvente permeable de terracota. La separaci\u00f3n entre ambos estratos permite ventilaci\u00f3n cruzada, templando el espacio p\u00fablico inferior.<\/p>\n\n\n\n<p>Desde la plaza, el edificio organiza un ascenso gradual. Los espacios comunitarios median entre el suelo c\u00edvico y el nivel expositivo, estructurando una secuencia de lo p\u00fablico a lo colectivo y de lo colectivo a lo contemplativo.<\/p>\n\n\n\n<p>Esta estratificaci\u00f3n es tanto espacial como institucional. Ampl\u00eda el rol del museo m\u00e1s all\u00e1 de la exhibici\u00f3n, posicion\u00e1ndolo como una plataforma urbana activa. En un contexto cada vez m\u00e1s definido por el desarrollo privado, el proyecto propone la arquitectura como medio para construir espacio p\u00fablico.<\/p>\n\n\n\n<p><\/p>","protected":false},"excerpt":{"rendered":"<p>Notes on a museum and the city Our proposal for the new Museum of Contemporary Art of Panama begins from a simple premise: the museum should not be conceived as [&hellip;]<\/p>\n<p><a href=\"https:\/\/icesa.cr\/es\/el-atico-mac-panama\/\" class=\"more-link style2-button\">Read More<\/a><\/p>","protected":false},"author":1,"featured_media":5698,"comment_status":"open","ping_status":"open","sticky":false,"template":"","format":"standard","meta":{"_monsterinsights_skip_tracking":false,"_monsterinsights_sitenote_active":false,"_monsterinsights_sitenote_note":"","_monsterinsights_sitenote_category":0,"footnotes":""},"categories":[1],"tags":[],"class_list":["post-5700","post","type-post","status-publish","format-standard","has-post-thumbnail","hentry","category-uncategorized"],"yoast_head":"<!-- This site is optimized with the Yoast SEO Premium plugin v27.4 (Yoast SEO v27.4) - https:\/\/yoast.com\/product\/yoast-seo-premium-wordpress\/ -->\n<title>El \u00c1tico: Mac Panam\u00e1: - Icesa Ingenieros y Arquitectos - Ingenier&iacute;a Ciudad Espacio y Arquitectura<\/title>\n<meta name=\"robots\" content=\"index, follow, max-snippet:-1, max-image-preview:large, max-video-preview:-1\" \/>\n<link rel=\"canonical\" href=\"https:\/\/icesa.cr\/es\/el-atico-mac-panama\/\" \/>\n<meta property=\"og:locale\" content=\"es_ES\" \/>\n<meta property=\"og:type\" content=\"article\" \/>\n<meta property=\"og:title\" content=\"El \u00c1tico: Mac Panam\u00e1:\" \/>\n<meta property=\"og:description\" content=\"Notes on a museum and the city Our proposal for the new Museum of Contemporary Art of Panama begins from a simple premise: the museum should not be conceived as [&hellip;]\" \/>\n<meta property=\"og:url\" content=\"https:\/\/icesa.cr\/es\/el-atico-mac-panama\/\" \/>\n<meta property=\"og:site_name\" content=\"Icesa Ingenieros y Arquitectos - Ingenier&iacute;a Ciudad Espacio y Arquitectura\" \/>\n<meta property=\"article:publisher\" content=\"https:\/\/www.facebook.com\/icesaarquitectos\" \/>\n<meta property=\"article:published_time\" content=\"2026-04-24T15:44:37+00:00\" \/>\n<meta property=\"article:modified_time\" content=\"2026-04-24T15:49:41+00:00\" \/>\n<meta property=\"og:image\" content=\"https:\/\/icesa.cr\/wp-content\/uploads\/2026\/04\/WS__RENDER-CONTEXTO_zoom-in.jpg\" \/>\n\t<meta property=\"og:image:width\" content=\"1920\" \/>\n\t<meta property=\"og:image:height\" content=\"1440\" \/>\n\t<meta property=\"og:image:type\" content=\"image\/jpeg\" \/>\n<meta name=\"author\" content=\"admin\" \/>\n<meta name=\"twitter:card\" content=\"summary_large_image\" \/>\n<meta name=\"twitter:label1\" content=\"Written by\" \/>\n\t<meta name=\"twitter:data1\" content=\"admin\" \/>\n\t<meta name=\"twitter:label2\" content=\"Est. reading time\" \/>\n\t<meta name=\"twitter:data2\" content=\"2 minutos\" \/>\n<script type=\"application\/ld+json\" class=\"yoast-schema-graph\">{\"@context\":\"https:\\\/\\\/schema.org\",\"@graph\":[{\"@type\":\"Article\",\"@id\":\"https:\\\/\\\/icesa.cr\\\/el-atico-mac-panama\\\/#article\",\"isPartOf\":{\"@id\":\"https:\\\/\\\/icesa.cr\\\/el-atico-mac-panama\\\/\"},\"author\":{\"name\":\"admin\",\"@id\":\"https:\\\/\\\/icesa.cr\\\/en_us\\\/#\\\/schema\\\/person\\\/5ce175678f89c8b1cf395a2cb2c9af76\"},\"headline\":\"El \u00c1tico: Mac Panam\u00e1:\",\"datePublished\":\"2026-04-24T15:44:37+00:00\",\"dateModified\":\"2026-04-24T15:49:41+00:00\",\"mainEntityOfPage\":{\"@id\":\"https:\\\/\\\/icesa.cr\\\/el-atico-mac-panama\\\/\"},\"wordCount\":279,\"commentCount\":0,\"publisher\":{\"@id\":\"https:\\\/\\\/icesa.cr\\\/en_us\\\/#organization\"},\"image\":{\"@id\":\"https:\\\/\\\/icesa.cr\\\/el-atico-mac-panama\\\/#primaryimage\"},\"thumbnailUrl\":\"https:\\\/\\\/icesa.cr\\\/wp-content\\\/uploads\\\/2026\\\/04\\\/WS__RENDER-CONTEXTO_zoom-in.jpg\",\"articleSection\":[\"Uncategorized\"],\"inLanguage\":\"es-CR\",\"potentialAction\":[{\"@type\":\"CommentAction\",\"name\":\"Comment\",\"target\":[\"https:\\\/\\\/icesa.cr\\\/el-atico-mac-panama\\\/#respond\"]}]},{\"@type\":\"WebPage\",\"@id\":\"https:\\\/\\\/icesa.cr\\\/el-atico-mac-panama\\\/\",\"url\":\"https:\\\/\\\/icesa.cr\\\/el-atico-mac-panama\\\/\",\"name\":\"El \u00c1tico: Mac Panam\u00e1: - Icesa Ingenieros y Arquitectos - Ingenier&iacute;a Ciudad Espacio y Arquitectura\",\"isPartOf\":{\"@id\":\"https:\\\/\\\/icesa.cr\\\/en_us\\\/#website\"},\"primaryImageOfPage\":{\"@id\":\"https:\\\/\\\/icesa.cr\\\/el-atico-mac-panama\\\/#primaryimage\"},\"image\":{\"@id\":\"https:\\\/\\\/icesa.cr\\\/el-atico-mac-panama\\\/#primaryimage\"},\"thumbnailUrl\":\"https:\\\/\\\/icesa.cr\\\/wp-content\\\/uploads\\\/2026\\\/04\\\/WS__RENDER-CONTEXTO_zoom-in.jpg\",\"datePublished\":\"2026-04-24T15:44:37+00:00\",\"dateModified\":\"2026-04-24T15:49:41+00:00\",\"breadcrumb\":{\"@id\":\"https:\\\/\\\/icesa.cr\\\/el-atico-mac-panama\\\/#breadcrumb\"},\"inLanguage\":\"es-CR\",\"potentialAction\":[{\"@type\":\"ReadAction\",\"target\":[\"https:\\\/\\\/icesa.cr\\\/el-atico-mac-panama\\\/\"]}]},{\"@type\":\"ImageObject\",\"inLanguage\":\"es-CR\",\"@id\":\"https:\\\/\\\/icesa.cr\\\/el-atico-mac-panama\\\/#primaryimage\",\"url\":\"https:\\\/\\\/icesa.cr\\\/wp-content\\\/uploads\\\/2026\\\/04\\\/WS__RENDER-CONTEXTO_zoom-in.jpg\",\"contentUrl\":\"https:\\\/\\\/icesa.cr\\\/wp-content\\\/uploads\\\/2026\\\/04\\\/WS__RENDER-CONTEXTO_zoom-in.jpg\",\"width\":1920,\"height\":1440,\"caption\":\"Emplazamiento entre Boca La Caja, el Pac\u00edfico y el tejido de torres de San Francisco.\"},{\"@type\":\"BreadcrumbList\",\"@id\":\"https:\\\/\\\/icesa.cr\\\/el-atico-mac-panama\\\/#breadcrumb\",\"itemListElement\":[{\"@type\":\"ListItem\",\"position\":1,\"name\":\"Home\",\"item\":\"https:\\\/\\\/icesa.cr\\\/en_us\\\/\"},{\"@type\":\"ListItem\",\"position\":2,\"name\":\"El \u00c1tico: Mac Panam\u00e1:\"}]},{\"@type\":\"WebSite\",\"@id\":\"https:\\\/\\\/icesa.cr\\\/en_us\\\/#website\",\"url\":\"https:\\\/\\\/icesa.cr\\\/en_us\\\/\",\"name\":\"ICESA Costa Rican Architects for Innovative Architecture\",\"description\":\"Architects and Engineers in Costa Rica\",\"publisher\":{\"@id\":\"https:\\\/\\\/icesa.cr\\\/en_us\\\/#organization\"},\"potentialAction\":[{\"@type\":\"SearchAction\",\"target\":{\"@type\":\"EntryPoint\",\"urlTemplate\":\"https:\\\/\\\/icesa.cr\\\/en_us\\\/?s={search_term_string}\"},\"query-input\":{\"@type\":\"PropertyValueSpecification\",\"valueRequired\":true,\"valueName\":\"search_term_string\"}}],\"inLanguage\":\"es-CR\"},{\"@type\":\"Organization\",\"@id\":\"https:\\\/\\\/icesa.cr\\\/en_us\\\/#organization\",\"name\":\"Icesa Ingenier\u00eda Ciudad Espacio y Arquitectura\",\"url\":\"https:\\\/\\\/icesa.cr\\\/en_us\\\/\",\"logo\":{\"@type\":\"ImageObject\",\"inLanguage\":\"es-CR\",\"@id\":\"https:\\\/\\\/icesa.cr\\\/en_us\\\/#\\\/schema\\\/logo\\\/image\\\/\",\"url\":\"https:\\\/\\\/icesa.cr\\\/wp-content\\\/uploads\\\/2023\\\/06\\\/Logo-ICESA-Web.jpg\",\"contentUrl\":\"https:\\\/\\\/icesa.cr\\\/wp-content\\\/uploads\\\/2023\\\/06\\\/Logo-ICESA-Web.jpg\",\"width\":640,\"height\":640,\"caption\":\"Icesa Ingenier\u00eda Ciudad Espacio y Arquitectura\"},\"image\":{\"@id\":\"https:\\\/\\\/icesa.cr\\\/en_us\\\/#\\\/schema\\\/logo\\\/image\\\/\"},\"sameAs\":[\"https:\\\/\\\/www.facebook.com\\\/icesaarquitectos\",\"https:\\\/\\\/www.instagram.com\\\/icesa_arquitectos\\\/?hl=en\"]},{\"@type\":\"Person\",\"@id\":\"https:\\\/\\\/icesa.cr\\\/en_us\\\/#\\\/schema\\\/person\\\/5ce175678f89c8b1cf395a2cb2c9af76\",\"name\":\"admin\",\"image\":{\"@type\":\"ImageObject\",\"inLanguage\":\"es-CR\",\"@id\":\"https:\\\/\\\/secure.gravatar.com\\\/avatar\\\/6b76b8d31edcde48cf224b656bd0bdc9e62086e60246e658e8fb7787b72629e1?s=96&d=mm&r=g\",\"url\":\"https:\\\/\\\/secure.gravatar.com\\\/avatar\\\/6b76b8d31edcde48cf224b656bd0bdc9e62086e60246e658e8fb7787b72629e1?s=96&d=mm&r=g\",\"contentUrl\":\"https:\\\/\\\/secure.gravatar.com\\\/avatar\\\/6b76b8d31edcde48cf224b656bd0bdc9e62086e60246e658e8fb7787b72629e1?s=96&d=mm&r=g\",\"caption\":\"admin\"},\"url\":\"https:\\\/\\\/icesa.cr\\\/es\\\/author\\\/admin\\\/\"}]}<\/script>\n<!-- \/ Yoast SEO Premium plugin. -->","yoast_head_json":{"title":"El \u00c1tico: Mac Panam\u00e1: - Icesa Ingenieros y Arquitectos - Ingenier&iacute;a Ciudad Espacio y Arquitectura","robots":{"index":"index","follow":"follow","max-snippet":"max-snippet:-1","max-image-preview":"max-image-preview:large","max-video-preview":"max-video-preview:-1"},"canonical":"https:\/\/icesa.cr\/es\/el-atico-mac-panama\/","og_locale":"es_ES","og_type":"article","og_title":"El \u00c1tico: Mac Panam\u00e1:","og_description":"Notes on a museum and the city Our proposal for the new Museum of Contemporary Art of Panama begins from a simple premise: the museum should not be conceived as [&hellip;]","og_url":"https:\/\/icesa.cr\/es\/el-atico-mac-panama\/","og_site_name":"Icesa Ingenieros y Arquitectos - Ingenier&iacute;a Ciudad Espacio y Arquitectura","article_publisher":"https:\/\/www.facebook.com\/icesaarquitectos","article_published_time":"2026-04-24T15:44:37+00:00","article_modified_time":"2026-04-24T15:49:41+00:00","og_image":[{"width":1920,"height":1440,"url":"https:\/\/icesa.cr\/wp-content\/uploads\/2026\/04\/WS__RENDER-CONTEXTO_zoom-in.jpg","type":"image\/jpeg"}],"author":"admin","twitter_card":"summary_large_image","twitter_misc":{"Written by":"admin","Est. reading time":"2 minutos"},"schema":{"@context":"https:\/\/schema.org","@graph":[{"@type":"Article","@id":"https:\/\/icesa.cr\/el-atico-mac-panama\/#article","isPartOf":{"@id":"https:\/\/icesa.cr\/el-atico-mac-panama\/"},"author":{"name":"admin","@id":"https:\/\/icesa.cr\/en_us\/#\/schema\/person\/5ce175678f89c8b1cf395a2cb2c9af76"},"headline":"El \u00c1tico: Mac Panam\u00e1:","datePublished":"2026-04-24T15:44:37+00:00","dateModified":"2026-04-24T15:49:41+00:00","mainEntityOfPage":{"@id":"https:\/\/icesa.cr\/el-atico-mac-panama\/"},"wordCount":279,"commentCount":0,"publisher":{"@id":"https:\/\/icesa.cr\/en_us\/#organization"},"image":{"@id":"https:\/\/icesa.cr\/el-atico-mac-panama\/#primaryimage"},"thumbnailUrl":"https:\/\/icesa.cr\/wp-content\/uploads\/2026\/04\/WS__RENDER-CONTEXTO_zoom-in.jpg","articleSection":["Uncategorized"],"inLanguage":"es-CR","potentialAction":[{"@type":"CommentAction","name":"Comment","target":["https:\/\/icesa.cr\/el-atico-mac-panama\/#respond"]}]},{"@type":"WebPage","@id":"https:\/\/icesa.cr\/el-atico-mac-panama\/","url":"https:\/\/icesa.cr\/el-atico-mac-panama\/","name":"El \u00c1tico: Mac Panam\u00e1: - Icesa Ingenieros y Arquitectos - Ingenier&iacute;a Ciudad Espacio y Arquitectura","isPartOf":{"@id":"https:\/\/icesa.cr\/en_us\/#website"},"primaryImageOfPage":{"@id":"https:\/\/icesa.cr\/el-atico-mac-panama\/#primaryimage"},"image":{"@id":"https:\/\/icesa.cr\/el-atico-mac-panama\/#primaryimage"},"thumbnailUrl":"https:\/\/icesa.cr\/wp-content\/uploads\/2026\/04\/WS__RENDER-CONTEXTO_zoom-in.jpg","datePublished":"2026-04-24T15:44:37+00:00","dateModified":"2026-04-24T15:49:41+00:00","breadcrumb":{"@id":"https:\/\/icesa.cr\/el-atico-mac-panama\/#breadcrumb"},"inLanguage":"es-CR","potentialAction":[{"@type":"ReadAction","target":["https:\/\/icesa.cr\/el-atico-mac-panama\/"]}]},{"@type":"ImageObject","inLanguage":"es-CR","@id":"https:\/\/icesa.cr\/el-atico-mac-panama\/#primaryimage","url":"https:\/\/icesa.cr\/wp-content\/uploads\/2026\/04\/WS__RENDER-CONTEXTO_zoom-in.jpg","contentUrl":"https:\/\/icesa.cr\/wp-content\/uploads\/2026\/04\/WS__RENDER-CONTEXTO_zoom-in.jpg","width":1920,"height":1440,"caption":"Emplazamiento entre Boca La Caja, el Pac\u00edfico y el tejido de torres de San Francisco."},{"@type":"BreadcrumbList","@id":"https:\/\/icesa.cr\/el-atico-mac-panama\/#breadcrumb","itemListElement":[{"@type":"ListItem","position":1,"name":"Home","item":"https:\/\/icesa.cr\/en_us\/"},{"@type":"ListItem","position":2,"name":"El \u00c1tico: Mac Panam\u00e1:"}]},{"@type":"WebSite","@id":"https:\/\/icesa.cr\/en_us\/#website","url":"https:\/\/icesa.cr\/en_us\/","name":"ICESA: Arquitectos costarricenses dedicados a la arquitectura innovadora","description":"Arquitectos e Ingenieros en Costa Rica","publisher":{"@id":"https:\/\/icesa.cr\/en_us\/#organization"},"potentialAction":[{"@type":"SearchAction","target":{"@type":"EntryPoint","urlTemplate":"https:\/\/icesa.cr\/en_us\/?s={search_term_string}"},"query-input":{"@type":"PropertyValueSpecification","valueRequired":true,"valueName":"search_term_string"}}],"inLanguage":"es-CR"},{"@type":"Organization","@id":"https:\/\/icesa.cr\/en_us\/#organization","name":"Icesa Ingenier\u00eda Ciudad Espacio y Arquitectura","url":"https:\/\/icesa.cr\/en_us\/","logo":{"@type":"ImageObject","inLanguage":"es-CR","@id":"https:\/\/icesa.cr\/en_us\/#\/schema\/logo\/image\/","url":"https:\/\/icesa.cr\/wp-content\/uploads\/2023\/06\/Logo-ICESA-Web.jpg","contentUrl":"https:\/\/icesa.cr\/wp-content\/uploads\/2023\/06\/Logo-ICESA-Web.jpg","width":640,"height":640,"caption":"Icesa Ingenier\u00eda Ciudad Espacio y Arquitectura"},"image":{"@id":"https:\/\/icesa.cr\/en_us\/#\/schema\/logo\/image\/"},"sameAs":["https:\/\/www.facebook.com\/icesaarquitectos","https:\/\/www.instagram.com\/icesa_arquitectos\/?hl=en"]},{"@type":"Person","@id":"https:\/\/icesa.cr\/en_us\/#\/schema\/person\/5ce175678f89c8b1cf395a2cb2c9af76","name":"administraci\u00f3n","image":{"@type":"ImageObject","inLanguage":"es-CR","@id":"https:\/\/secure.gravatar.com\/avatar\/6b76b8d31edcde48cf224b656bd0bdc9e62086e60246e658e8fb7787b72629e1?s=96&d=mm&r=g","url":"https:\/\/secure.gravatar.com\/avatar\/6b76b8d31edcde48cf224b656bd0bdc9e62086e60246e658e8fb7787b72629e1?s=96&d=mm&r=g","contentUrl":"https:\/\/secure.gravatar.com\/avatar\/6b76b8d31edcde48cf224b656bd0bdc9e62086e60246e658e8fb7787b72629e1?s=96&d=mm&r=g","caption":"admin"},"url":"https:\/\/icesa.cr\/es\/author\/admin\/"}]}},"_links":{"self":[{"href":"https:\/\/icesa.cr\/es\/wp-json\/wp\/v2\/posts\/5700","targetHints":{"allow":["GET"]}}],"collection":[{"href":"https:\/\/icesa.cr\/es\/wp-json\/wp\/v2\/posts"}],"about":[{"href":"https:\/\/icesa.cr\/es\/wp-json\/wp\/v2\/types\/post"}],"author":[{"embeddable":true,"href":"https:\/\/icesa.cr\/es\/wp-json\/wp\/v2\/users\/1"}],"replies":[{"embeddable":true,"href":"https:\/\/icesa.cr\/es\/wp-json\/wp\/v2\/comments?post=5700"}],"version-history":[{"count":4,"href":"https:\/\/icesa.cr\/es\/wp-json\/wp\/v2\/posts\/5700\/revisions"}],"predecessor-version":[{"id":5705,"href":"https:\/\/icesa.cr\/es\/wp-json\/wp\/v2\/posts\/5700\/revisions\/5705"}],"wp:featuredmedia":[{"embeddable":true,"href":"https:\/\/icesa.cr\/es\/wp-json\/wp\/v2\/media\/5698"}],"wp:attachment":[{"href":"https:\/\/icesa.cr\/es\/wp-json\/wp\/v2\/media?parent=5700"}],"wp:term":[{"taxonomy":"category","embeddable":true,"href":"https:\/\/icesa.cr\/es\/wp-json\/wp\/v2\/categories?post=5700"},{"taxonomy":"post_tag","embeddable":true,"href":"https:\/\/icesa.cr\/es\/wp-json\/wp\/v2\/tags?post=5700"}],"curies":[{"name":"la hora de","href":"https:\/\/api.w.org\/{rel}","templated":true}]}}